{"id":10,"date":"2007-02-14T10:52:21","date_gmt":"2007-02-14T09:52:21","guid":{"rendered":"http:\/\/achtsamen.de\/?p=10"},"modified":"2007-02-14T10:52:21","modified_gmt":"2007-02-14T09:52:21","slug":"5-integraler-salon-isam-sonntag-18-februar-2007","status":"publish","type":"post","link":"http:\/\/integrale-szene.de\/wordpress\/5-integraler-salon-isam-sonntag-18-februar-2007\/","title":{"rendered":"5. Integraler Salon &#8211; isam &#8211; Sonntag 18. Februar 2007"},"content":{"rendered":"<p>Nach dem Letzten eher wohligen Salon ist m\u00f6glicherweise wieder Z\u00fcndstoff da f\u00fcr die Frage: &#8222;Integrale Lebenspraxis was hei\u00dft das ?&#8220;<br \/>\nWir tragen zusammen was wir jeweils als Praxis in den jeweiigen Quadranten aus\u00fcben und pflegen, schauen was Wilber empfiehlt. In der Erkundung des Integralen Psychogramm kommen die Entwicklungslinien dazu,\u00a0 die Aufschluss geben \u00fcber die Vielfalt von Kompetenzen und auch Hinweise auf Wachstumszonen.<\/p>\n<p>Das Buch von Wulf Mirko Weinreich &#8222;Integrale Psychologie&#8220; bietet mit seinen Tabellen eine gute M\u00f6glichkeit sich mit dem Modell der Drehpunkte und Therapieans\u00e4tzen vertraut zu machen. Es kann spannend werden zu hinterfragen ob es da \u00dcbereinstimmungen gibt oder auch Erg\u00e4nzungen an Methoden.<\/p>\n<p>Es gibt eine Kurze Einf\u00fchrung zu &#8222;Wilbers SELBST System&#8220;, was den transformatorischen Ansatz ganz wunderbar spiegelt.<br \/>\nWer in seinem Schrank die &#8222;Integrale Psychologie&#8220; oder das &#8222;Atmanprojekt&#8220; oder &#8222;Ganzheitlich Handeln&#8220; stehen hat, m\u00f6ge schm\u00f6kern. Wer mit dem Eneagramm in der Weise des Diamond Approach vertraut ist m\u00f6ge bitte seine \/ ihre Kenntnisse auffrischen. Wilber empfiehlt mit Einschr\u00e4nkungen diese Herangehensweise.<br \/>\nIch w\u00fcnsche Euch vor allem Gesundheit und Kraft.<br \/>\nMit euren Beitr\u00e4gen zum B\u00fcffet und einer Spende f\u00fcr die R\u00e4ume wird das Ganze eine integrale An-Gelegenheit.<br \/>\nEine gute Zeit bis dahin und ich bin bis dahin hoffentlich wieder ganz gesund.<\/p>\n","protected":false},"excerpt":{"rendered":"<p>Nach dem Letzten eher wohligen Salon ist m\u00f6glicherweise wieder Z\u00fcndstoff da f\u00fcr die Frage: &#8222;Integrale Lebenspraxis was hei\u00dft das ?&#8220; Wir tragen zusammen was wir jeweils als Praxis in den jeweiigen Quadranten aus\u00fcben und pflegen, schauen was Wilber empfiehlt. In der Erkundung des Integralen Psychogramm kommen die Entwicklungslinien dazu,\u00a0 die Aufschluss geben \u00fcber die Vielfalt [&hellip;]<\/p>\n","protected":false},"author":2,"featured_media":0,"comment_status":"open","ping_status":"open","sticky":false,"template":"","format":"standard","meta":[],"categories":[4],"tags":[],"_links":{"self":[{"href":"http:\/\/integrale-szene.de\/wordpress\/wp-json\/wp\/v2\/posts\/10"}],"collection":[{"href":"http:\/\/integrale-szene.de\/wordpress\/wp-json\/wp\/v2\/posts"}],"about":[{"href":"http:\/\/integrale-szene.de\/wordpress\/wp-json\/wp\/v2\/types\/post"}],"author":[{"embeddable":true,"href":"http:\/\/integrale-szene.de\/wordpress\/wp-json\/wp\/v2\/users\/2"}],"replies":[{"embeddable":true,"href":"http:\/\/integrale-szene.de\/wordpress\/wp-json\/wp\/v2\/comments?post=10"}],"version-history":[{"count":0,"href":"http:\/\/integrale-szene.de\/wordpress\/wp-json\/wp\/v2\/posts\/10\/revisions"}],"wp:attachment":[{"href":"http:\/\/integrale-szene.de\/wordpress\/wp-json\/wp\/v2\/media?parent=10"}],"wp:term":[{"taxonomy":"category","embeddable":true,"href":"http:\/\/integrale-szene.de\/wordpress\/wp-json\/wp\/v2\/categories?post=10"},{"taxonomy":"post_tag","embeddable":true,"href":"http:\/\/integrale-szene.de\/wordpress\/wp-json\/wp\/v2\/tags?post=10"}],"curies":[{"name":"wp","href":"https:\/\/api.w.org\/{rel}","templated":true}]}}