{"id":109,"date":"2009-12-20T18:09:51","date_gmt":"2009-12-20T17:09:51","guid":{"rendered":"http:\/\/achtsamen.de\/?p=97"},"modified":"2009-12-20T18:09:51","modified_gmt":"2009-12-20T17:09:51","slug":"werte-individuell-und-kollektiv-betrachtet-integrieren-und-transzendieren-2","status":"publish","type":"post","link":"http:\/\/integrale-szene.de\/wordpress\/werte-individuell-und-kollektiv-betrachtet-integrieren-und-transzendieren-2\/","title":{"rendered":"Werte &#8211; individuell und kollektiv betrachtet &#8211; Integrieren und transzendieren"},"content":{"rendered":"<p>Am 13 Dezember mit Kaminfeuer und leckerstem Essen haben wir den Freidenkerschein gemacht und sind getragen von der dem Ganzen immanenten Stille in Lichtungen und leere R\u00e4ume in Verdichtungen und Arbeitsfelder eingetaucht<\/p>\n<p>Begonnen haben wir mit der Bitte 3 individuelle und 3 kollektiv ausgerichtete Werte zu benennen<br \/>\n<strong><br \/>\nindividuell<\/strong><br \/>\nintegrale Lebenspraxis<br \/>\nerfahren begreifen entwickeln &#8211; Pers\u00f6nliches Wachstum und Entwicklung &#8211; Streben nach Erkenntnis<br \/>\nBewusst Sein &#8211; f\u00fchle tue bin ich als Reflexion<br \/>\nin \u00dcbereinstimmung mit inneren Werten zu leben &#8211; GEISTES gegenw\u00e4rtig<br \/>\nsich selbst treu bleiben &#8211; Treue zu den mir Vertrauten, dem wir Bedeutsamen &#8211; innere Ausrichtung auf bewahren und vertiefen<br \/>\nWahrheit &#8211; Radikalit\u00e4t &#8211; bejahen, anerkennen der eigenen Lebenswirklichkeit\/ Wirksamkeit<br \/>\nAuthentizit\u00e4t &#8211; die eigenen Gaben verwirklichen<\/p>\n<p>Verantwortung<br \/>\nVerantwortlichkeit nach innen und au\u00dfen , dem Ganzen gegen\u00fcber, \u00fcbernehmen und tragen,Pflichtgef\u00fchl<br \/>\nHandeln zum Gemeinwohl \/ Gemeinschaftswohl Zivilcourage<br \/>\nMenschenfreundlichkeit \/ Aktzeptanz\/ Respekt<br \/>\nMenschlichkeit &#8211; bewusst Leid vermeiden W\u00fcrde wahren als Schutzzone und Wachstumsraum<br \/>\nErfahrungen und Visionen austauschen und teilen<\/p>\n<p>Spiritualit\u00e4t<br \/>\nStille &#8211; wider den L\u00e4rm der Gesch\u00e4ftigkeit<br \/>\nBalance schaffen zwischen Freiheit und F\u00fclle basierend auf dem Herzssutra<br \/>\nTiefe &#8211; ergr\u00fcnden des inneren Raumes auf Wesentliches ausgerichtet sein<br \/>\nErsp\u00fcren des Willens( spiritueller Wille) im anderen &#8211; helfen zukunftsf\u00e4hig zu werden ( das zuk\u00fcnftige Selbst im Blick)<br \/>\nEngagement f\u00fcr Wahrhaftigkeit &#8211; Protestare &#8211; einstehen f\u00fcr etwas, was mir am Herzen liegt  &#8211; Risikobereitschaft<br \/>\nAchtsamkeit Neugierde Friede Mitgef\u00fchl Liebe<br \/>\n\u00c4sthetik  &#8211; Sch\u00f6nheit als Ausdruck von Eingestimmt sein<\/p>\n<p>Das erkennen das Linearit\u00e4t gef\u00e4hrlich sein kann als Hinweis auf die Schattenkr\u00e4fte der Hierarchie &#8211; eine Verwirklichungsholarchie hei\u00dft das Gewordene anerkennen in der Begrenztheit und das Muster des Zusammenhalts transzendieren. Frei werden f\u00fcr eine neue Begegnung.<br \/>\nDie Ausdehnung im Gebserschen Sinne ist kugelf\u00f6rmig ausstrahlend &#8211; hebt Zeit im Gewahrsein auf, l\u00e4utert den gemeinsamen Raum.<\/p>\n<p><strong>Freiheit <\/strong>&#8211; als ein immer wieder auftauchender Wert f\u00fchrte dazu das wir spiral dynmics untersuchten hinsichtlich des Vest\u00e4ndnisses was es kollektiv bzw individuell bedeutet<br \/>\n<strong><br \/>\nkollektiv<\/strong><\/p>\n<p>Verst\u00e4ndnis und Einf\u00fchlungsverm\u00f6gen &#8211; den inneren Raum durchl\u00e4ssig halten innehalten,<br \/>\ndurchscheinend im Werden entstehen lassen  das gemeinsame Wir<br \/>\nsich begleiten und dienen, n\u00e4hren das was sich bildet aus dem Zwischenraum, dem intersubjektiven, dem dialogischen, dem Du<br \/>\nN\u00e4he und Verl\u00e4sslichkeit ergeben Vertraut Sein &#8211; das menschliche Pendant zu Bewusstsein im GEIST<br \/>\nFrage nach der Grenze zwischen innen &#8211; zugeh\u00f6rig zusammen und au\u00dfen &#8211; angeh\u00f6rig zugeordnet  &#8211; betrachtet werden als Teil von<br \/>\ntukun alan &#8211; die Welt zusammensetzen , zusammenf\u00fcgen als Aufgabe der Kabbalisten<br \/>\nliberte egalite fraternite &#8211; die anhaltende Kraft der Revolution eines w\u00fcrdevollen Miteinanders immer neu einzul\u00f6sen<br \/>\ntat twam asi<br \/>\nEngagement f\u00fcr \u00d6kologie und Umwelt &#8211; handeln im globalen Sinne f\u00fcr eine Welt die f\u00fcr alle lebenswert ist<br \/>\nImpulsgeber sein , leadershipqualit\u00e4ten entwicken<br \/>\nKommunikation &#8211; offen sein Brillen und h\u00fcllenlos, vorbehaltlos der Tiefe anheimgegeben<br \/>\nPerspektivwechsel &#8211; Flexibilit\u00e4t &#8211; Ebenen und Zustandswechsel der GEISTESgegenwart anvertraut<br \/>\nInszenierung &#8211; sich selbst in Frage stellen<br \/>\n\u00fcben die K\u00f6rper Seele Geist GEIST Zusammenspiel improvisatorisch spontan zu halten<br \/>\nIm Tanz, in der Musik, in der Dichtung  gleiten in den Zeit sich leiten lassen von der Augenblicklichkeit- kunstvoll<\/p>\n<p><strong>Gebsers Fortf\u00fchrung &#8211; wer nimmt sich dem Gebsers Sicht auf die Kunst des 21 jahrhunderts anzuwenden &#8211; was ist das integrale an der Kunst, den Kunstformen der Gegenwart?<\/strong><\/p>\n<p><strong>WIE BILDET SICH BEWUSSTSEIN? <\/strong><br \/>\nL\u00e4sst sich Bewusstsein herstellen, einladen, hervorufen ( aus was)?<br \/>\nWie anders als im modus der Resonanz, in der Kommunion die die Kommunikation transzendiert stellt sie sich dar?<\/p>\n<p>Verhindert, beschattet unser \u00fcberzeugt sein unser Zeuge sein??<br \/>\nEntsteht Schatten durch Abgabe an Verantwortung an das Umfeld &#8211; verliert den Bezugspunkt zum offenen Raum des Gewahrseins, wird eigendynamisch, kreist wie Planeten in Umlaufbahnen &#8211; seltsam losgel\u00f6st.<br \/>\nZugleich ein Verlust an Zentrierung und Kraft &#8211; wenn es gelingt alles R\u00fcckzubinden ( religio) an die eigene verendende Unendlichkeit kehrt Stille ein, kehrt den Unsinn aus.<\/p>\n<p>Wie h\u00e4ngen integrieren, transzendieren zusammen? Was hei\u00dft konkretisieren im gebserschen Sinne?<br \/>\nHei\u00dft integrieren \u00fcberwinden, hinter sich lassen oder einen angemessenen Platz zuteilen samt Kontext, bewahrheitet und begrenzt gleicherma\u00dfen? Bezieht sich transzendieren auf die 3 Person Perspektive &#8211; auf die F\u00e4higkeit ein Muster quasi als zugrundeliegende<br \/>\nEinheit zu erkennen. Das Verbindende \u00fcber das vereinzelte Ich Subjekt , aufgehoben in der Wir Pr\u00e4senz als dynamische Flie\u00dfform zu erkennen.<br \/>\nEvolvieren Schatten?? oder sind es verwahrloste Impulse die sich verformt haben bis zur Unkenntlichkeit, daher als fremd erlebt werden? Welche Rolle spielt der Wille &#8211; und was ist das &#8211; bei der Integration? Ist es das Instrument des Ichs &#8211; des ausgereiften Individuums, der Individualit\u00e4t- die sich durch die Tat, die Handlung in der Welt Raum verschafft?<\/p>\n<p>Das Wohlwollen m\u00fcndet und entstammt dem ins ich versammelten Mensch sein, Mut und Gnade. Ist Wille der Kreuzungspunkt von Individualit\u00e4t und GEIST? Der Schmelzpunkt an dem  das Bewusstsein kulminiert &#8211; sich umst\u00fclpt in GEIST?<\/p>\n<p><strong>Wir ringen um den Bezug, die Verbindung zwischen dem<br \/>\nIndividuum  als dem unteilbaren und dem Bewusstsein als dem nondualen dem nicht zwei<\/strong><\/p>\n<p>In der gemeinsamen Meditation taucht ein begeistern auf, ein Inspiriert sein- m\u00f6glicherweise entspricht  das Bewusstsein dem Raum Zeit Kontinuum.<br \/>\n&#8211;<\/p>\n","protected":false},"excerpt":{"rendered":"<p>Am 13 Dezember mit Kaminfeuer und leckerstem Essen haben wir den Freidenkerschein gemacht und sind getragen von der dem Ganzen immanenten Stille in Lichtungen und leere R\u00e4ume in Verdichtungen und Arbeitsfelder eingetaucht Begonnen haben wir mit der Bitte 3 individuelle und 3 kollektiv ausgerichtete Werte zu benennen individuell integrale Lebenspraxis erfahren begreifen entwickeln &#8211; Pers\u00f6nliches [&hellip;]<\/p>\n","protected":false},"author":2,"featured_media":0,"comment_status":"open","ping_status":"open","sticky":false,"template":"","format":"standard","meta":[],"categories":[4],"tags":[],"_links":{"self":[{"href":"http:\/\/integrale-szene.de\/wordpress\/wp-json\/wp\/v2\/posts\/109"}],"collection":[{"href":"http:\/\/integrale-szene.de\/wordpress\/wp-json\/wp\/v2\/posts"}],"about":[{"href":"http:\/\/integrale-szene.de\/wordpress\/wp-json\/wp\/v2\/types\/post"}],"author":[{"embeddable":true,"href":"http:\/\/integrale-szene.de\/wordpress\/wp-json\/wp\/v2\/users\/2"}],"replies":[{"embeddable":true,"href":"http:\/\/integrale-szene.de\/wordpress\/wp-json\/wp\/v2\/comments?post=109"}],"version-history":[{"count":3,"href":"http:\/\/integrale-szene.de\/wordpress\/wp-json\/wp\/v2\/posts\/109\/revisions"}],"predecessor-version":[{"id":455,"href":"http:\/\/integrale-szene.de\/wordpress\/wp-json\/wp\/v2\/posts\/109\/revisions\/455"}],"wp:attachment":[{"href":"http:\/\/integrale-szene.de\/wordpress\/wp-json\/wp\/v2\/media?parent=109"}],"wp:term":[{"taxonomy":"category","embeddable":true,"href":"http:\/\/integrale-szene.de\/wordpress\/wp-json\/wp\/v2\/categories?post=109"},{"taxonomy":"post_tag","embeddable":true,"href":"http:\/\/integrale-szene.de\/wordpress\/wp-json\/wp\/v2\/tags?post=109"}],"curies":[{"name":"wp","href":"https:\/\/api.w.org\/{rel}","templated":true}]}}