{"id":11,"date":"2007-03-11T08:22:39","date_gmt":"2007-03-11T07:22:39","guid":{"rendered":"http:\/\/achtsamen.de\/?p=11"},"modified":"2007-03-11T08:22:39","modified_gmt":"2007-03-11T07:22:39","slug":"5-integraler-salon-isam-sonntag-18marz-2007","status":"publish","type":"post","link":"http:\/\/integrale-szene.de\/wordpress\/5-integraler-salon-isam-sonntag-18marz-2007\/","title":{"rendered":"6. Integraler Salon &#8211; ISAM &#8211; Sonntag 18.M\u00e4rz 2007"},"content":{"rendered":"<p><em>Effektivit\u00e4t und Ethik <\/em><br \/>\n<strong>Wo finden sich integrale Ans\u00e4tze in der Wirtschaft, Kultur, Sozialwesen, Medizin, Politik ?<\/strong><br \/>\nWas zeichnet sie aus? Da jede\/r von uns in unterschiedlichen Bereichen t\u00e4tig ist, untersuchen wir anhand der Elemente die uns bisher aus der integralen Matrix zur Verf\u00fcgung stehen Ihre Methodik, Verortung in den 2 Quadranten unter Ber\u00fccksichtigung des evolution\u00e4ren Impulses. Wenn Ihr Teil habt an Initiativen, Gesellschaften, Vereinen und Bewegungen w\u00e4re es aufschlussreich die Grundz\u00fcge davon darzustellen.<\/p>\n<p>F\u00fcr diesen Salon der sich den dynamischen Zeitgeistaspekten widmet ist der Focus im &#8222;Wirbereich&#8220;.<br \/>\nSo Ihr beim 2. Salon wart, indem  wir  Gebsers Ansatz der Evolution des Bewusstseins \u00fcber archaisch, magisch, mythisch, rational \/ bzw. mental, (Wilber f\u00fcgt pluralistisch ein) bis zur integralen Stufe zusammengetragen haben, ist das hilfreich. Die beim 5. Salon dabei waren haben die ersten Spr\u00fcnge in die intersubjetive, interobjektive Sichtweise gewagt. Bei diesem Salon \u00fcben wir die 2te und 3te Thier Ansicht, d.h. die Qualit\u00e4ten der vorangegangenen Srrukturen anerkennen und dar\u00fcber hinauszugehen. Stichwort Emergenz &#8211; bitte nachschauen.<\/p>\n<p><strong>Was spielt noch eine Rolle?<\/strong><br \/>\nBesonders die systemischen Ans\u00e4tze haben den Blick auf intersubjektive und interobjektive Vorg\u00e4nge gelenkt und damit eine Vielschichtigkeit der Bezugnahme und sich wechselseitig bewirkender Dynamiken offenbart &#8211; z.B. die Chaostheorie, lebendige Organisationssysteme in der Wirtschaft, technologische Fortschritte, in der Therapie die Aufstellungsarbeit , Wissensmanagment und das Internet.<\/p>\n<p>Mit dem Begriff der  Holons hat Wilber 20 Grundaussagen formuliert, die das GANZE des Einzelnen bewahren und zugleich die Verflochtenheit und Bedingtheit einbeziehen, zum Nachlesen ausf\u00fchrlich beschrieben in  &#8222;Eros, Kosmos, Logos&#8220;. Wir werden einiges davon in Kleingruppen untersuchen.<\/p>\n<p>Um der Integralen Theorie Fixpunkte zu geben,  ist das &#8222;IOS &#8211; integral operating system&#8220; formuliert und bildet einen \u00dcberblick \u00fcber die g\u00e4ngigen Werkzeuge. Wir tragen bei der Gelegenheit noch einmal zusammen was wir in den ersten Salons detailiierter untersucht haben. D.h. ihr kennt schon einige davon.<\/p>\n<p>Um den Grundsatz &#8211; &#8222;true but partial&#8220; zu verdeutlichen existiert die Terminie &#8222;methodologischer Pluralismus&#8220;, aufgetaucht in Wilber 5 &#8211; seiner vorl\u00e4ufig letzten Phase und ordnet Methoden den Quadranten zu. Da dies fundierte Kenntnisse in <a target=\"_blank\" href=\"http:\/\/de.wikipedia.org\/wiki\/Wissenschaftstheorie\">Wissenschaftstheorie (auf Wikipedia nachlesen)<\/a> voraussetzt ist es nur anzurei\u00dfen. Wikipedia bietet  f\u00fcr eine erste Ann\u00e4herung gute Dienste.<\/p>\n<p>Ja &#8211; ich freu mich viele von Euch wiederzusehen und betone nochmal ausdr\u00fccklich das die Einheiten sich selbst gen\u00fcgen und der Dialog im Wesentlichen davon lebt, das Ihr Euch einbringt und achtsam seid.<\/p>\n<p>Der n\u00e4chste Salon am 21. April und hat die Spiritualit\u00e4t zum Inhalt. Sehr spannend, da es ein Lieblingsthema von Wilber ist und reichhaltige Zug\u00e4nge bietet. Von der Frage Zusammenhang Religion und Wissenschaft bis zur Wilber Combs Matrix.<\/p>\n<p>Ich freu mich auf Euch und wir werden wenn das Wetter so bleibt die Terasse einweihen k\u00f6nnen und \u00dcbungen im Freien machen k\u00f6nnen.<\/p>\n<p>Herzlichst Susanne<\/p>\n<p>P.S. F\u00fcr mich fein wenn Ihr diese Einladung an Menschen weiterleitet und BITTE gebt mir wieder Bescheid ob  Ihr dabei seid. Damit ich f\u00fcr eure Unterlagen &#8211; sitztechnisch und arbeitstechnisch sorgen kann. Die, die nicht kommen, lasst von Euch h\u00f6ren &#8211; da immer wieder Nachfragen auftauchen wo dieser oder jene abgeblieben ist.<\/p>\n","protected":false},"excerpt":{"rendered":"<p>Effektivit\u00e4t und Ethik Wo finden sich integrale Ans\u00e4tze in der Wirtschaft, Kultur, Sozialwesen, Medizin, Politik ? Was zeichnet sie aus? Da jede\/r von uns in unterschiedlichen Bereichen t\u00e4tig ist, untersuchen wir anhand der Elemente die uns bisher aus der integralen Matrix zur Verf\u00fcgung stehen Ihre Methodik, Verortung in den 2 Quadranten unter Ber\u00fccksichtigung des evolution\u00e4ren [&hellip;]<\/p>\n","protected":false},"author":2,"featured_media":0,"comment_status":"open","ping_status":"open","sticky":false,"template":"","format":"standard","meta":[],"categories":[4],"tags":[],"_links":{"self":[{"href":"http:\/\/integrale-szene.de\/wordpress\/wp-json\/wp\/v2\/posts\/11"}],"collection":[{"href":"http:\/\/integrale-szene.de\/wordpress\/wp-json\/wp\/v2\/posts"}],"about":[{"href":"http:\/\/integrale-szene.de\/wordpress\/wp-json\/wp\/v2\/types\/post"}],"author":[{"embeddable":true,"href":"http:\/\/integrale-szene.de\/wordpress\/wp-json\/wp\/v2\/users\/2"}],"replies":[{"embeddable":true,"href":"http:\/\/integrale-szene.de\/wordpress\/wp-json\/wp\/v2\/comments?post=11"}],"version-history":[{"count":0,"href":"http:\/\/integrale-szene.de\/wordpress\/wp-json\/wp\/v2\/posts\/11\/revisions"}],"wp:attachment":[{"href":"http:\/\/integrale-szene.de\/wordpress\/wp-json\/wp\/v2\/media?parent=11"}],"wp:term":[{"taxonomy":"category","embeddable":true,"href":"http:\/\/integrale-szene.de\/wordpress\/wp-json\/wp\/v2\/categories?post=11"},{"taxonomy":"post_tag","embeddable":true,"href":"http:\/\/integrale-szene.de\/wordpress\/wp-json\/wp\/v2\/tags?post=11"}],"curies":[{"name":"wp","href":"https:\/\/api.w.org\/{rel}","templated":true}]}}