{"id":13,"date":"2007-04-17T04:31:06","date_gmt":"2007-04-17T03:31:06","guid":{"rendered":"http:\/\/achtsamen.de\/?p=13"},"modified":"2007-04-17T04:31:06","modified_gmt":"2007-04-17T03:31:06","slug":"7-integraler-salon-isam-sonntag-22april-2007","status":"publish","type":"post","link":"http:\/\/integrale-szene.de\/wordpress\/7-integraler-salon-isam-sonntag-22april-2007\/","title":{"rendered":"7. Integraler Salon &#8211; ISAM &#8211; Sonntag, 22.April 2007"},"content":{"rendered":"<p><font face=\"Verdana\" color=\"#000000\" size=\"3\"><strong>Integrale Inszenierung &#8211; Spiritualit\u00e4t <\/strong><\/font><img decoding=\"async\" id=\"image12\" alt=\"Achtsamen-Flur\" hspace=\"4\" src=\"http:\/\/achtsamen.de\/__oneclick_uploads\/2007\/04\/flur.bmp\" align=\"left\" \/><br \/>\n<span lang=\"DE\"><font face=\"Verdana\" color=\"#000000\" size=\"2\">Focus ist f\u00fcr dieses Mal die Spiritualit\u00e4t &#8211; ein gro\u00dfes Thema<br \/>\n<strong>Spiritualit\u00e4t<\/strong> &#8211; Was ist das eigentlich in Wilbers Sinne?<br \/>\nEine Ann\u00e4herung in Integrale Psychologie bildet unseren Einstieg.Das Spannungsfeld Religion und Wissenschaft &#8211; unvereinbares und gemeinsames &#8211; mit interessanten L\u00f6sungsideen und klaren Abgrenzungen unter anderem zur Quantentheorie.<\/font><\/span><span lang=\"DE\"><font face=\"Verdana\" color=\"#000000\" size=\"2\">Wunderbare Textstellen von Emerson, Eckehart, Theresa von Avila und Wilber, die den Weg vom Ich zur Seele zum Kausalen und Nondualen erz\u00e4hlen, laden ein sich dem poetischen, mystischen Pandit Wilber zu n\u00e4hern. In Ausz\u00fcgen die Wilber-Combs-Matrix aus seinem letzten Buch &#8211; mit Vertiefung derZust\u00e4nde, nachdem wir letztes Mal ausf\u00fchrlicher die Strukturen untersucht haben.<\/p>\n<p>Wenn noch Hirnspeicher frei sind einen Exkurs zu den Bardo Zust\u00e4nden<br \/>\nDer Nachmittag wird sich mit dem Islam und dem Christentum befassen &#8211; unter Aspekten des F\u00f6rderbandansatzes &#8211; Grundlage kann die neue IP sein, die vorliegt.<\/p>\n<p>Meditation &#8211; warum eigentlich? Eine Frage die wir anhand unserer Erfahrungen untersuchen werden.<\/p>\n<p>Ich bin sehr gespannt auf Eure Beitr\u00e4ge und bitte meldet Euch an. Der Garten steht in voller Bl\u00fcte und wir werden sicher auch die ein oder andere Einheit drau\u00dfen machen. Wenn Ihr habt, bringt Decken mit und Sonnenh\u00fcte dann k\u00f6nnen wir auch drau\u00dfen sein. Auf ein fr\u00fchlingshaftes, fast schon sommerliches B\u00fcffett freu ich mich<\/p>\n<p \/><\/font><\/span><\/p>\n","protected":false},"excerpt":{"rendered":"<p>Integrale Inszenierung &#8211; Spiritualit\u00e4t Focus ist f\u00fcr dieses Mal die Spiritualit\u00e4t &#8211; ein gro\u00dfes Thema Spiritualit\u00e4t &#8211; Was ist das eigentlich in Wilbers Sinne? Eine Ann\u00e4herung in Integrale Psychologie bildet unseren Einstieg.Das Spannungsfeld Religion und Wissenschaft &#8211; unvereinbares und gemeinsames &#8211; mit interessanten L\u00f6sungsideen und klaren Abgrenzungen unter anderem zur Quantentheorie.Wunderbare Textstellen von Emerson, Eckehart, [&hellip;]<\/p>\n","protected":false},"author":2,"featured_media":0,"comment_status":"open","ping_status":"open","sticky":false,"template":"","format":"standard","meta":[],"categories":[4],"tags":[],"_links":{"self":[{"href":"http:\/\/integrale-szene.de\/wordpress\/wp-json\/wp\/v2\/posts\/13"}],"collection":[{"href":"http:\/\/integrale-szene.de\/wordpress\/wp-json\/wp\/v2\/posts"}],"about":[{"href":"http:\/\/integrale-szene.de\/wordpress\/wp-json\/wp\/v2\/types\/post"}],"author":[{"embeddable":true,"href":"http:\/\/integrale-szene.de\/wordpress\/wp-json\/wp\/v2\/users\/2"}],"replies":[{"embeddable":true,"href":"http:\/\/integrale-szene.de\/wordpress\/wp-json\/wp\/v2\/comments?post=13"}],"version-history":[{"count":0,"href":"http:\/\/integrale-szene.de\/wordpress\/wp-json\/wp\/v2\/posts\/13\/revisions"}],"wp:attachment":[{"href":"http:\/\/integrale-szene.de\/wordpress\/wp-json\/wp\/v2\/media?parent=13"}],"wp:term":[{"taxonomy":"category","embeddable":true,"href":"http:\/\/integrale-szene.de\/wordpress\/wp-json\/wp\/v2\/categories?post=13"},{"taxonomy":"post_tag","embeddable":true,"href":"http:\/\/integrale-szene.de\/wordpress\/wp-json\/wp\/v2\/tags?post=13"}],"curies":[{"name":"wp","href":"https:\/\/api.w.org\/{rel}","templated":true}]}}