{"id":16,"date":"2007-06-25T19:50:36","date_gmt":"2007-06-25T18:50:36","guid":{"rendered":"http:\/\/achtsamen.de\/?p=16"},"modified":"2007-06-25T19:50:36","modified_gmt":"2007-06-25T18:50:36","slug":"8-integraler-salon-sonntag-20-mai-2007-2","status":"publish","type":"post","link":"http:\/\/integrale-szene.de\/wordpress\/8-integraler-salon-sonntag-20-mai-2007-2\/","title":{"rendered":"8. Integraler Salon &#8211; Sonntag 20. Mai 2007"},"content":{"rendered":"<p><strong><img decoding=\"async\" id=\"image18\" alt=\"Pinsel\" src=\"http:\/\/achtsamen.de\/__oneclick_uploads\/2007\/06\/pinsel_klein.thumbnail.jpg\" \/> Kreativit\u00e4t und authentisches Selbst<\/strong><\/p>\n<p>stehen diesmal im Mittelpunkt des Salons<br \/>\nSch\u00f6pfung sch\u00f6pferisches Gesch\u00f6pftes. Wir inszenieren unser Leben nach unseren Sichtweisen die bestimmte Perspektiven und Ph\u00e4nomene in den Focus bringen. Kreativit\u00e4t &#8211; eine Entwicklungslinie &#8211; jene der es gelingt Unsichtbares sichtbar, unscheinbares erlebbar zu machen, Schwingungen im Miteinander in Sprache zu bringen. Die Verbindungen aufzeigt und L\u00f6sungen m\u00f6glich macht.<br \/>\nAls Selbstlinie &#8211; bezeugt die Biographie unsere Integrit\u00e4t, die F\u00e4higkeiten Grenzen zu erweitern, neue Inhalte aufzunehmen, zu verk\u00f6rpern damit umzugehen&#8230;Das authentische Selbst lebt vom Gewahrsein der Gegenwart, dem offenen Herzen und dem Mut<\/p>\n<p>sich in Frage zu stellen, den inneren Impulsen in ihrem Aufsteigen Mitgef\u00fchl und Achtsamkeit hinzuzuf\u00fcgen.<br \/>\nNachlesen k\u00f6nnt ihr zu dem Thema in den &#8222;what is entlightment (wie)&#8220; Heften im Dialog Wilber-Cohen.<br \/>\nAnkn\u00fcpfend an den letzten Salon ist der evolution\u00e4re Impuls ein mitmenschlicher Sch\u00f6pfungsakt<\/p>\n<p>der sich auf der Matrix des nondualen &#8211; \u00fcber das kausale &#8211; ins Subtile ins sinnlich fassbare<\/p>\n<p>tastet. Mir liegt f\u00fcr diesmal daran jedem einzelnen Zeit und Raum zu gew\u00e4hren sein per\u00f6nliches, sch\u00f6pferisches Potential einzubringen, das wof\u00fcr dein Herz h\u00f6her schl\u00e4gt, wof\u00fcr du Leidenschaft entwickelst, Durchhalteverm\u00f6gen und Wagemut.<br \/>\nSo &#8211; Merkt euch f\u00fcr die kommenden Monate den 3. Sonntag im Monat vor &#8211; so kehrt Regelm\u00e4\u00dfigkeit ein.<\/p>\n<p>Susanya, die von einem ergreifenden Retreat auf dem Berg wieder im Tal ankommt<\/p>\n","protected":false},"excerpt":{"rendered":"<p>Kreativit\u00e4t und authentisches Selbst stehen diesmal im Mittelpunkt des Salons Sch\u00f6pfung sch\u00f6pferisches Gesch\u00f6pftes. Wir inszenieren unser Leben nach unseren Sichtweisen die bestimmte Perspektiven und Ph\u00e4nomene in den Focus bringen. Kreativit\u00e4t &#8211; eine Entwicklungslinie &#8211; jene der es gelingt Unsichtbares sichtbar, unscheinbares erlebbar zu machen, Schwingungen im Miteinander in Sprache zu bringen. Die Verbindungen aufzeigt und [&hellip;]<\/p>\n","protected":false},"author":2,"featured_media":0,"comment_status":"open","ping_status":"open","sticky":false,"template":"","format":"standard","meta":[],"categories":[4],"tags":[],"_links":{"self":[{"href":"http:\/\/integrale-szene.de\/wordpress\/wp-json\/wp\/v2\/posts\/16"}],"collection":[{"href":"http:\/\/integrale-szene.de\/wordpress\/wp-json\/wp\/v2\/posts"}],"about":[{"href":"http:\/\/integrale-szene.de\/wordpress\/wp-json\/wp\/v2\/types\/post"}],"author":[{"embeddable":true,"href":"http:\/\/integrale-szene.de\/wordpress\/wp-json\/wp\/v2\/users\/2"}],"replies":[{"embeddable":true,"href":"http:\/\/integrale-szene.de\/wordpress\/wp-json\/wp\/v2\/comments?post=16"}],"version-history":[{"count":0,"href":"http:\/\/integrale-szene.de\/wordpress\/wp-json\/wp\/v2\/posts\/16\/revisions"}],"wp:attachment":[{"href":"http:\/\/integrale-szene.de\/wordpress\/wp-json\/wp\/v2\/media?parent=16"}],"wp:term":[{"taxonomy":"category","embeddable":true,"href":"http:\/\/integrale-szene.de\/wordpress\/wp-json\/wp\/v2\/categories?post=16"},{"taxonomy":"post_tag","embeddable":true,"href":"http:\/\/integrale-szene.de\/wordpress\/wp-json\/wp\/v2\/tags?post=16"}],"curies":[{"name":"wp","href":"https:\/\/api.w.org\/{rel}","templated":true}]}}