{"id":165,"date":"2010-02-07T17:56:16","date_gmt":"2010-02-07T16:56:16","guid":{"rendered":"http:\/\/integrale-szene.de\/wordpress\/?p=165"},"modified":"2010-06-10T14:52:17","modified_gmt":"2010-06-10T13:52:17","slug":"integrale-szene-aktuell","status":"publish","type":"post","link":"http:\/\/integrale-szene.de\/wordpress\/integrale-szene-aktuell\/","title":{"rendered":"Integrale Szene aktuell"},"content":{"rendered":"<div class=\"csc-textpic-text\">\n<p class=\"bodytext\" style=\"text-align: left;\"><img decoding=\"async\" loading=\"lazy\" class=\"aligncenter size-medium wp-image-177\" style=\"margin: 5px;\" title=\"eiqualle\" src=\"http:\/\/integrale-szene.de\/wordpress\/wp-content\/uploads\/2010\/02\/eiqualle-300x225.jpg\" alt=\"eiqualle\" width=\"300\" height=\"225\" align=\"left\" srcset=\"http:\/\/integrale-szene.de\/wordpress\/wp-content\/uploads\/2010\/02\/eiqualle-300x225.jpg 300w, http:\/\/integrale-szene.de\/wordpress\/wp-content\/uploads\/2010\/02\/eiqualle.jpg 550w\" sizes=\"(max-width: 300px) 100vw, 300px\" \/><\/p>\n<p class=\"bodytext\" style=\"text-align: left;\">\n<p class=\"bodytext\" style=\"text-align: left;\"><strong>Aktuell &#8211; Donnerstag 10 Juni &#8211; 19 bis 21.30 Uhr<br \/>\n<\/strong><\/p>\n<p class=\"bodytext\" style=\"text-align: left;\">Am Westpark 7 im TZW &#8211; Therapiezentrum West <strong><br \/>\n<\/strong><\/p>\n<p class=\"bodytext\" style=\"text-align: left;\"><strong>unique self &#8211; das einzigartige Selbst <\/strong>leben hei\u00dft die pers\u00f6nliche Perspektive\u00a0 als g\u00f6ttlich anzuerkennen\u00a0 und sie als solche als Gabe und Verpflichtung zu betrachten, als den eigenen Beitrag zu evolution\u00e4rer Spiritualit\u00e4t, der dringend gebraucht wird. Wie k\u00f6nnen wir uns dessen gewahr werden und welche Formen braucht es im Umgang miteinander.<\/p>\n<p class=\"bodytext\" style=\"text-align: left;\">Wir befassen uns mit Aspekten dieses Ansatzes, als Vorbereitung zum workshop am 24 Juni in der Lothstra\u00dfe 5.<\/p>\n<p class=\"bodytext\" style=\"text-align: left;\">\n<p class=\"bodytext\" style=\"text-align: left;\">\n<p class=\"bodytext\" style=\"text-align: left;\">\n<p class=\"bodytext\" style=\"text-align: left;\">\n<p class=\"bodytext\" style=\"text-align: left;\">\n<p class=\"bodytext\" style=\"text-align: left;\">\n<p class=\"bodytext\" style=\"text-align: left;\">\n<p class=\"bodytext\" style=\"text-align: left;\">Seit November 2009 gibt es die Integrale Szene in M\u00fcnchen Stadt, ein circa 3 st\u00fcndiges Abendangebot, jeden 2 und 3 Donnerstag im Monat am Westpark.<\/p>\n<p class=\"bodytext\">Im <a class=\"external-link-new-window\" href=\"http:\/\/www.tzw-muenchen.de\/\" target=\"_blank\"><img decoding=\"async\" src=\"http:\/\/if.integralesforum.org\/fileadmin\/img\/icons\/external_link_new_window.gif\" alt=\"\" \/>www.tzw-muenchen.de<\/a> , zu Gast bei Peter Tillmann, experimentieren wir mit dem Aufbau und der Entwicklung einer offenen community, sangha, Formation.<\/p>\n<p class=\"bodytext\">Offen f\u00fcr integral Interessierte und evolution\u00e4r Ausgerichtete Mitmenschen bieten wir ein forum f\u00fcr Austausch und Kennenlernen der Integralen Philosphie<\/p>\n<p class=\"bodytext\">\n<p class=\"bodytext\"><strong>Jeden 2 Donnerstag ist ILP <\/strong>&#8211; die integrale Lebenspraxis Inhalt des Abends. Die\u00a0 4 Module, K\u00f6rper, Geist, Schatten und spirit\u00a0 werden von den Teilnehmenden mit Methoden ihrer eigenen Praxis gegenseitig vorgestellt.<\/p>\n<p class=\"bodytext\">Idee ist es die eigene Praxis zu vermitteln, an den Fragen zu reifen und unter integralen Gesichtspunkten zu vertiefen.<\/p>\n<p class=\"bodytext\">Ein offener Zeit-Raum bleibt f\u00fcr das WIR als Spielfeld.<\/p>\n<p class=\"bodytext\">\n<p class=\"bodytext\"><strong>Jeden 3 Donnerstag geht es um die &#8220; lebendige Theorie&#8220;<\/strong>, die integrale Matrix an sich, Aktuelles wie Seminare, Tagungen und einen selbstgew\u00e4hlten Focus.<\/p>\n<p class=\"bodytext\">In Form eines moderierten Dialogs wechseln sich Beitr\u00e4ge mit dialogischen Erkundungen ab, Meditation und spontanen Inszenierungen wird Raum gegeben.<\/p>\n<p class=\"bodytext\">\n<p class=\"bodytext\">\n<p class=\"bodytext\"><strong>Themenr\u00fcckblick <\/strong><\/p>\n<p class=\"bodytext\"><strong>im Februar<\/strong> besch\u00e4ftigen wir uns , angelehnt an Fasching, die Maskenzeit, mit dem Schatten. In der Praxis\u00a0 der 3 2 1 Prozess. In dem Diskurs geht es\u00a0 um Trauma in Abgrenzung zum Schatten\u00a0 &#8211; Klaus Lang &#8211; vermittelt uns Grundlagen zur Unterscheidung und Herangehensweise. Rainer Weber wird sich mit Definitionen des Schattenbegriffs und Anregungen zu der Frage kollektiver und individueller Schatten einbringen.<\/p>\n<p class=\"bodytext\">\n<p class=\"bodytext\"><strong>im M\u00e4rz <\/strong>besch\u00e4ftigen wir uns mit\u00a0 integralem coaching. Karsten Beuchert berichtet aus einer Forschungsgruppe innerhalb einer Projektgruppe im timeless wisdom Training von Thomas H\u00fcbl. Lydia Herold wird spiral dynmics durch Rolf Lutterbecks Ansatz\u00a0 f\u00fcr das Unternehmen darstellen.\u00a0 Als special guest haben wir Roland G\u00fcnther eingeladen der aus seiner Unternehmert\u00e4tigkeit eine Variante des SPI vorstellt.<\/p>\n<p class=\"bodytext\">\n<p class=\"bodytext\"><strong>im April<\/strong> geht es um big mind. Nachdem Diane Hamiliton dieses Jahr Gast auf der Tagung des integralen Forums ist und bereits im M\u00e4rz in der Villa Unspunnen big mind vorstellt greifen wir das auf.<\/p>\n<p class=\"bodytext\">\n<p><strong>Im Mai <\/strong>werden wir uns ebenfalls als Vorbereitung zu dem Seminar der beiden mit dem unique self befassen, in Bezug und m\u00f6glicherweise Abgrenzung zum authentischen selbst von Andrew Cohen. Ein Aspekt in diesem Kontext wird der Wille sein, bezugnehmend auf das Buch von Tom Amarque.<\/p>\n<p><strong>im November<\/strong> der Tod, das  Sterben, die Bardozust\u00e4nde<\/p>\n<p><strong>i<\/strong><strong>m Dezember <\/strong>haben wir uns intensivst\u00a0 dem zweiten  Gesicht Gottes und der Praxis des Gebetes zugewendet.<\/p>\n<p><strong>Im Januar<\/strong> ging es um Neurophysiologie unter dem  Aspekt Angst\u00a0 und die Chancen der Neukonditionierung.<\/p>\n<p class=\"bodytext\">\n<p class=\"bodytext\">\n<\/div>\n","protected":false},"excerpt":{"rendered":"<p>Aktuell &#8211; Donnerstag 10 Juni &#8211; 19 bis 21.30 Uhr Am Westpark 7 im TZW &#8211; Therapiezentrum West unique self &#8211; das einzigartige Selbst leben hei\u00dft die pers\u00f6nliche Perspektive\u00a0 als g\u00f6ttlich anzuerkennen\u00a0 und sie als solche als Gabe und Verpflichtung zu betrachten, als den eigenen Beitrag zu evolution\u00e4rer Spiritualit\u00e4t, der dringend gebraucht wird. Wie k\u00f6nnen [&hellip;]<\/p>\n","protected":false},"author":2,"featured_media":0,"comment_status":"open","ping_status":"open","sticky":false,"template":"","format":"standard","meta":[],"categories":[11],"tags":[21,13,20,22,23],"_links":{"self":[{"href":"http:\/\/integrale-szene.de\/wordpress\/wp-json\/wp\/v2\/posts\/165"}],"collection":[{"href":"http:\/\/integrale-szene.de\/wordpress\/wp-json\/wp\/v2\/posts"}],"about":[{"href":"http:\/\/integrale-szene.de\/wordpress\/wp-json\/wp\/v2\/types\/post"}],"author":[{"embeddable":true,"href":"http:\/\/integrale-szene.de\/wordpress\/wp-json\/wp\/v2\/users\/2"}],"replies":[{"embeddable":true,"href":"http:\/\/integrale-szene.de\/wordpress\/wp-json\/wp\/v2\/comments?post=165"}],"version-history":[{"count":10,"href":"http:\/\/integrale-szene.de\/wordpress\/wp-json\/wp\/v2\/posts\/165\/revisions"}],"predecessor-version":[{"id":199,"href":"http:\/\/integrale-szene.de\/wordpress\/wp-json\/wp\/v2\/posts\/165\/revisions\/199"}],"wp:attachment":[{"href":"http:\/\/integrale-szene.de\/wordpress\/wp-json\/wp\/v2\/media?parent=165"}],"wp:term":[{"taxonomy":"category","embeddable":true,"href":"http:\/\/integrale-szene.de\/wordpress\/wp-json\/wp\/v2\/categories?post=165"},{"taxonomy":"post_tag","embeddable":true,"href":"http:\/\/integrale-szene.de\/wordpress\/wp-json\/wp\/v2\/tags?post=165"}],"curies":[{"name":"wp","href":"https:\/\/api.w.org\/{rel}","templated":true}]}}