{"id":168,"date":"2010-02-07T17:50:49","date_gmt":"2010-02-07T16:50:49","guid":{"rendered":"http:\/\/integrale-szene.de\/wordpress\/?p=168"},"modified":"2010-06-10T15:10:21","modified_gmt":"2010-06-10T14:10:21","slug":"integraler-salon-isam-aktueller-zyklus","status":"publish","type":"post","link":"http:\/\/integrale-szene.de\/wordpress\/integraler-salon-isam-aktueller-zyklus\/","title":{"rendered":"Integraler Salon Isam aktueller Zyklus"},"content":{"rendered":"<div class=\"csc-textpic-text\">\n<p class=\"bodytext\"><strong>ISAM &#8211; integrale Salon M\u00fcnchen <\/strong><\/p>\n<p class=\"bodytext\">\n<p><img decoding=\"async\" loading=\"lazy\" class=\"size-medium wp-image-172\" style=\"margin: 5px;\" title=\"integralersalonwirbel\" src=\"http:\/\/integrale-szene.de\/wordpress\/wp-content\/uploads\/2010\/02\/integralersalonwirbel-300x203.jpg\" alt=\"Integraler Wirbel\" width=\"300\" height=\"203\" align=\"left\" srcset=\"http:\/\/integrale-szene.de\/wordpress\/wp-content\/uploads\/2010\/02\/integralersalonwirbel-300x203.jpg 300w, http:\/\/integrale-szene.de\/wordpress\/wp-content\/uploads\/2010\/02\/integralersalonwirbel.jpg 550w\" sizes=\"(max-width: 300px) 100vw, 300px\" \/><\/p>\n<p><strong>aktueller Salon &#8211; Sonntag der 13 Juni 2010<\/strong><\/p>\n<p>Zum grande finale das unique self und die Frage wie k\u00f6nnen wir uns in der Entwicklung unser Erleuchtung, F\u00fclle unterst\u00fctzen. Wir besch\u00e4ftigen uns mit den Fragen die auch im workshop auf uns zukommen und ich gebe ein paar Einblicke in das aktuelle Teleseminar von Marc Gafni.<\/p>\n<p>Wir treffen uns tendentiell den dritten Sonntag im Monat von 10 bis 17 Uhr in der Haimhauserstr. 46\u00a0 in 85716 Unterschleissheim \/ Lohhof S\u00fcd.<\/p>\n<p class=\"bodytext\">Mit den \u00f6ffentlichen Verkehrsmitteln\u00a0 erreichbar \u00fcber die S1 Richtung Flughafen, in den Bus 219 a steigen bis zur Haimhauserstra\u00dfe. Wahlweise mit der U6 Richtung Garching Forschungszentrum in Garching Hochbr\u00fcck austeigen und ebenfalls den Bus 219a nehmen. Parkpl\u00e4tze sind vorhanden.<\/p>\n<p class=\"bodytext\">Da wir gemeinsam speisen lebt der Tag von den mitgebrachten Gaben f\u00fcrs B\u00fcffett. Eine Kultur des Schenkens zu etablieren hei\u00dft nach eigenem Ermessen Wertsch\u00e4tzung in Form eine Spende auszudr\u00fccken.<\/p>\n<p class=\"bodytext\">Im aktuellen Zyklus befassen wir uns mit dem <strong>WIR<\/strong> &#8211; der kollektiven Weisheit<\/p>\n<p class=\"bodytext\">Begonnen am 22 <span style=\"text-decoration: underline;\">November<\/span> mit der Frage was ist <strong>Das Wir Gef\u00fchl<\/strong>Was ist ein <strong>wir <\/strong>eigentlich und wie k\u00f6nnen wir es f\u00fchlen? Wodurch taucht es auf? Womit nehme ich es wahr?<\/p>\n<p class=\"bodytext\">Am 13 <span style=\"text-decoration: underline;\">Dezember<\/span> ging es um spiral dynamics und die Vorbedingungen zum Wandel von einer Stufe zur n\u00e4chsten.<\/p>\n<p class=\"bodytext\">Am 24 J<span style=\"text-decoration: underline;\">anuar<\/span> ging es um die Wahrnehmung des Wirs durch unsere 3 K\u00f6rper.<\/p>\n<p class=\"bodytext\">Am 21 <span style=\"text-decoration: underline;\">Februar<\/span> werden wir uns dem\u00a0 U Prozess, den Aufmerksamkeitsfeldern und der Stille als Keimzone f\u00fcr Kreativit\u00e4t widmen. Komunion als Wendepunkt f\u00fcr das reife Ich.<\/p>\n<p class=\"bodytext\">Am 21 <span style=\"text-decoration: underline;\">M\u00e4rz <\/span>treffen wir uns zur Frage des Eros als treibende Kraft und die Spannung die im Ich entsteht wenn das Wir zur Hingabe einl\u00e4dt. Die Qualit\u00e4ten eines weiblich m\u00e4nnlich balancierten Menschseins als Chance f\u00fcr ein second thier Bewusstsein. Was ist dadurch m\u00f6glich an Miteinander?<\/p>\n<p class=\"bodytext\">Am 18<span style=\"text-decoration: underline;\"> April <\/span>untersuchen wir\u00a0 bestehende Formationen die sich dem integralen, evolution\u00e4ren Impuls verschrieben haben. Mit der Frage wie und durch was gelingt der Zugang zu einer h\u00f6heren, komplexeren Wirklichkeit und gleichzeitig eine Manifestation die dem Wohle des Ganzen dient.<\/p>\n<p class=\"bodytext\">Am 16\u00a0 <span style=\"text-decoration: underline;\">Mai <\/span>nah dran am Kirchentag Spiritualit\u00e4t heute, was suchen wir wirklich?<\/p>\n<\/div>\n","protected":false},"excerpt":{"rendered":"<p>ISAM &#8211; integrale Salon M\u00fcnchen aktueller Salon &#8211; Sonntag der 13 Juni 2010 Zum grande finale das unique self und die Frage wie k\u00f6nnen wir uns in der Entwicklung unser Erleuchtung, F\u00fclle unterst\u00fctzen. Wir besch\u00e4ftigen uns mit den Fragen die auch im workshop auf uns zukommen und ich gebe ein paar Einblicke in das aktuelle [&hellip;]<\/p>\n","protected":false},"author":2,"featured_media":0,"comment_status":"open","ping_status":"open","sticky":false,"template":"","format":"standard","meta":[],"categories":[4],"tags":[24,26,25],"_links":{"self":[{"href":"http:\/\/integrale-szene.de\/wordpress\/wp-json\/wp\/v2\/posts\/168"}],"collection":[{"href":"http:\/\/integrale-szene.de\/wordpress\/wp-json\/wp\/v2\/posts"}],"about":[{"href":"http:\/\/integrale-szene.de\/wordpress\/wp-json\/wp\/v2\/types\/post"}],"author":[{"embeddable":true,"href":"http:\/\/integrale-szene.de\/wordpress\/wp-json\/wp\/v2\/users\/2"}],"replies":[{"embeddable":true,"href":"http:\/\/integrale-szene.de\/wordpress\/wp-json\/wp\/v2\/comments?post=168"}],"version-history":[{"count":9,"href":"http:\/\/integrale-szene.de\/wordpress\/wp-json\/wp\/v2\/posts\/168\/revisions"}],"predecessor-version":[{"id":201,"href":"http:\/\/integrale-szene.de\/wordpress\/wp-json\/wp\/v2\/posts\/168\/revisions\/201"}],"wp:attachment":[{"href":"http:\/\/integrale-szene.de\/wordpress\/wp-json\/wp\/v2\/media?parent=168"}],"wp:term":[{"taxonomy":"category","embeddable":true,"href":"http:\/\/integrale-szene.de\/wordpress\/wp-json\/wp\/v2\/categories?post=168"},{"taxonomy":"post_tag","embeddable":true,"href":"http:\/\/integrale-szene.de\/wordpress\/wp-json\/wp\/v2\/tags?post=168"}],"curies":[{"name":"wp","href":"https:\/\/api.w.org\/{rel}","templated":true}]}}