{"id":249,"date":"2010-03-11T12:09:08","date_gmt":"2010-03-11T11:09:08","guid":{"rendered":"http:\/\/integrale-szene.de\/wordpress\/?p=249"},"modified":"2010-03-11T12:09:08","modified_gmt":"2010-03-11T11:09:08","slug":"offnung-des-willens","status":"publish","type":"post","link":"http:\/\/integrale-szene.de\/wordpress\/offnung-des-willens\/","title":{"rendered":"\u00d6ffnung des Willens"},"content":{"rendered":"<p><strong>D<\/strong><strong>ritte Phase integraler Salon Februar unterwes zur \u00d6ffnung des Willens &#8211; <\/strong><\/p>\n<p><strong> K\u00f6nnen wir wollen? Dein Wille geschehe? Wille als spirituelle Intelligenz\u00a0 SQ?<\/strong><\/p>\n<p>\u00d6ffnung des Wollens<\/p>\n<p>SQ Das alte Ich und alte Intention loslassen, neu werden, Auferstehungsprinzip,Umst\u00fclpungs, Wandlungspkt\u00a0\u00a0\u00a0\u00a0\u00a0\u00a0\u00a0 Stimme der Angst, hindert uns daran loszulassen wer wir sind<\/p>\n<p>Ego und Gewohnheitsselbst fallen gelassen f\u00fcr Zukunftspotenzial und h\u00f6heres Selbst\u00a0\u00a0\u00a0\u00a0\u00a0\u00a0\u00a0\u00a0\u00a0\u00a0\u00a0\u00a0\u00a0\u00a0\u00a0\u00a0\u00a0\u00a0\u00a0\u00a0\u00a0\u00a0\u00a0\u00a0\u00a0\u00a0\u00a0\u00a0\u00a0\u00a0\u00a0\u00a0\u00a0\u00a0\u00a0\u00a0\u00a0\u00a0\u00a0\u00a0\u00a0\u00a0\u00a0\u00a0\u00a0\u00a0\u00a0\u00a0\u00a0\u00a0\u00a0\u00a0\u00a0\u00a0\u00a0\u00a0\u00a0\u00a0\u00a0\u00a0\u00a0\u00a0\u00a0 im Akt der Kommunikation in der Stille.<\/p>\n<p>Angst ins Unbekannte zu treten in die\u00a0 Nichtwissenszone<br \/>\nCo \u2013 inspiring \u2013 gemeinsame Willensbildung \u00a0\u00a0\u00a0 Kommen lassen<br \/>\nPresencing \u2013 sich mit der Quelle verbinden<\/p>\n<p>Frage\u00a0 Wer bin ich?\u00a0 Was ist meine Aufgabe?\u00a0 Was ist mein Ding?<br \/>\nCocreation \u2013 gemeinsame Gestaltung , Umsetzung und Handeln vom Ganzen her<br \/>\nVerschiebt die Wahrnehmung zum zuk\u00fcnftigen Ganzen hin<br \/>\nWort wurzel \u2013 Pr\u00e4senz, Essenz, pr\u00e4sent ( Geschenk)\u00a0\u00a0\u00a0 presencing<\/p>\n<p><strong><\/strong><\/p>\n<p>Der U Prozess als Gr\u00fcndeln und umst\u00fclpen am gemeinsamsten tiefsten Manifestationsort , der Erleuchtungsprozess als lichten und l\u00e4utern der Individualit\u00e4t?\u00a0 Wie h\u00e4ngen diese beiden Wege der Wandlung zusammen?<\/p>\n<p><strong>Wir runden auf ,Perspektiven auf den Willen, die Willenskraft, die Genese,die Entstehung des Willens.<\/strong><\/p>\n<p>der Begriff des freien Willens erzeugt Spannung. Gibt es denn oder sind wir konditioniert ( Hirnforschung)?\u00a0 Ist der Beobachter in uns die Instanz die das Gef\u00fchl erzeugt &#8211; wir h\u00e4tten entschieden? Eine Instanz die wertet, entscheidet und dadurch sich selbst erschafft und erh\u00e4lt?<\/p>\n<p>Mein pers\u00f6nlicher Wille als wirkliche -wirksame Erfahrung, erfahrbar als Kraft, in der Anwendung als Disziplin. Mit dem Willen kann ich Dinge erschaffen.<\/p>\n<p>Der Wille gew\u00e4hrt eine gewisse F\u00fchrung. Durch Achtsamkeit in Anwendung erschlie\u00dft sich der Weg, die Dinge kommen ins Flie\u00dfen und ich erlebe es als ein sinnvolles aufeinanderfolgen, aneinandergereihtes in Erscheinung treten.\u00a0 In der Reife bedeutet es absolute Selbstverantwortung. Ein sch\u00f6pferisches wird m\u00f6glich, ein erscheinen aus dem freien Raum , in dieser Matrix zu sein bringt mitf\u00fchlen hervor.<\/p>\n<p>Als egozentrierter Wille hei\u00dft es etwas durchsetzen mit dern notwendigen Energie. Dient der Selbstbest\u00e4tigung. Erkennen das sogenannte Entscheidungen F\u00fcgung sind, hei\u00dft das Gegebene aktiv annehmen, mit tun, handlen , zusammenwirken. Hingabe an aktives Handeln gekoppelt, sich un-bewusst eintunen, dem Leben sich anvertrauen\u00a0 statt dem Dicksch\u00e4delwillen sich ausliefern.<\/p>\n<p>Erlebe den Willen als Autopilot der Konditionierungen folgt. Es ist eine aktive Arbeit aus reaktiven Mustern, resonantes Verhalten,\u00a0 innnovatives Handeln, inspirirendes Denken werden zu lassen. Es liegt in meiner Verantwortung den Aufmerksamkeitsraum anzusteuern in dem das m\u00f6glich wird.<\/p>\n<p>In der Sturm und Drang Phase der Jugend als wunderbar erlebt. Eine erlebare Freiheit innerhalb von Grenzen. Dann erkennen das ein der Vereinzelung nichts zu bewirken ist. Wille hat mit Optionen, der Wahl von erkennbaren M\u00f6glichkeiten zu tun. Motivationsformel &#8211; k\u00f6nnen m\u00f6gen wollen statt m\u00fcssen d\u00fcrfen sollen.Reflekieren selbststimmt und sinnorientiert, statt fremd- und zweckorietiert.\u00a0 Ein Dreiklang der von Innen\u00a0 gegtragen ist. Unterscheiden von Perspektive Vison Idee.<\/p>\n<p>Der Wille dient dem &#8211; Werde der\/die du bist dem intentionalen entfalten des im Samen angelegten Potentials. Es besteht die Notwendigkeit zu entwickeln, sich zu entwickeln, Wille kl\u00e4rt die Bedingungen die das m\u00f6glich machen.<\/p>\n<p>Es ist ein Prozess, der intuitiv ausw\u00e4hlt, geleitet von\u00a0 einem Sp\u00fcren das die\u00a0 Art der Zukunft\u00a0 mit der Art des Gegenw\u00e4rtigen in Deckung bringt. Wegweiser ist das sich gut anf\u00fchlen .<\/p>\n<p>Wille dient der Konkretisierung von einem Lebensgef\u00fchl, einer Lebensabsicht. W\u00e4hlt und nimmt aus den Optionen das Passende, best\u00e4tigt durch ein inneres Wissen, das ist genau richtig. Gibt es viele kleine Willen?<\/p>\n<p>Wille schwingt zwischen Intention und Inspiration , f\u00fchlt sich an wie ein weiter Raum, wurzellose Wurzel, l\u00f6st die Verortung auf. In der Quelle der Inspiration findet sich kaum noch Verortung.<\/p>\n<p>Dein Wille geschehe. Ist der 3 2 1 Prozess eine Entsprechung?\u00a0 Ist mein &#8211; nur eine Perspektive des ganzen Willens? In der 1 Person Perspektive hei\u00dft wollen bewusste R\u00fcckkoppelung an innerste sch\u00f6pferische F\u00fclle.<\/p>\n<p>Wille hei\u00dft begehren. Das Sch\u00f6pferische selbst ist Willenskraft. Ist ein aktives Schulen der Konzentration, eine Ausrichtung, eine Absichtserkl\u00e4rung die nach \u00dcbereinstimmng mit demLebendigen sucht.<\/p>\n<p><strong>Martin Buber<br \/>\n<\/strong><\/p>\n<p><strong>Der freie Mensch ist der ohne Willk\u00fcr wollende<\/strong>. Er glaubt an die Wirklichkeit und dh \u2013 er glaubt an die reale Verbundenheit der realen Zweiheit Ich und Du. Er glaubt an die Bestimmung und daran, dass sie seiner bedarf. Sie g\u00e4ngelt ihn nicht, sie erwartet ihn, er muss auf sie zugehen und wei\u00df doch nicht wo sie steht. Er muss mit dem ganzen Wesen ausgehen, das wei\u00df er. Es wird nicht so kommen, wie sein Entschluss es meint, aber was kommen will, wird nur kommen, wenn er sich zu dem entschlie\u00dft, was er wollen kann. Es muss seinen kleinen Willen, den unfreien, von Dingen und Trieben regierten, seinem gro\u00dfen opfern, der vom Bestimmten sein\u00a0 auf die Bestimmung zugeht. Da greift er nicht mehr ein und l\u00e4sst doch auch nicht blo\u00df geschehen. Er lauscht dem aus sich Werdenden, dem Weg des Wesens in der Welt, nicht um von ihm getragen zu werden um es selber so zu verwirkliche, wie es von ihm, dessen es bedarf, verwirklicht werden will, mit Menschengeist und Menschentat und Menschenleben und Menschentod. ( Scharmer &#8211; Theorie U)<\/p>\n","protected":false},"excerpt":{"rendered":"<p>Dritte Phase integraler Salon Februar unterwes zur \u00d6ffnung des Willens &#8211; K\u00f6nnen wir wollen? Dein Wille geschehe? Wille als spirituelle Intelligenz\u00a0 SQ? \u00d6ffnung des Wollens SQ Das alte Ich und alte Intention loslassen, neu werden, Auferstehungsprinzip,Umst\u00fclpungs, Wandlungspkt\u00a0\u00a0\u00a0\u00a0\u00a0\u00a0\u00a0 Stimme der Angst, hindert uns daran loszulassen wer wir sind Ego und Gewohnheitsselbst fallen gelassen f\u00fcr Zukunftspotenzial und [&hellip;]<\/p>\n","protected":false},"author":2,"featured_media":0,"comment_status":"open","ping_status":"open","sticky":false,"template":"","format":"standard","meta":[],"categories":[4],"tags":[],"_links":{"self":[{"href":"http:\/\/integrale-szene.de\/wordpress\/wp-json\/wp\/v2\/posts\/249"}],"collection":[{"href":"http:\/\/integrale-szene.de\/wordpress\/wp-json\/wp\/v2\/posts"}],"about":[{"href":"http:\/\/integrale-szene.de\/wordpress\/wp-json\/wp\/v2\/types\/post"}],"author":[{"embeddable":true,"href":"http:\/\/integrale-szene.de\/wordpress\/wp-json\/wp\/v2\/users\/2"}],"replies":[{"embeddable":true,"href":"http:\/\/integrale-szene.de\/wordpress\/wp-json\/wp\/v2\/comments?post=249"}],"version-history":[{"count":15,"href":"http:\/\/integrale-szene.de\/wordpress\/wp-json\/wp\/v2\/posts\/249\/revisions"}],"predecessor-version":[{"id":264,"href":"http:\/\/integrale-szene.de\/wordpress\/wp-json\/wp\/v2\/posts\/249\/revisions\/264"}],"wp:attachment":[{"href":"http:\/\/integrale-szene.de\/wordpress\/wp-json\/wp\/v2\/media?parent=249"}],"wp:term":[{"taxonomy":"category","embeddable":true,"href":"http:\/\/integrale-szene.de\/wordpress\/wp-json\/wp\/v2\/categories?post=249"},{"taxonomy":"post_tag","embeddable":true,"href":"http:\/\/integrale-szene.de\/wordpress\/wp-json\/wp\/v2\/tags?post=249"}],"curies":[{"name":"wp","href":"https:\/\/api.w.org\/{rel}","templated":true}]}}