{"id":26,"date":"2007-06-19T10:39:39","date_gmt":"2007-06-19T09:39:39","guid":{"rendered":"http:\/\/achtsamen.de\/?p=26"},"modified":"2009-12-19T10:40:37","modified_gmt":"2009-12-19T09:40:37","slug":"aramaische-jeshua","status":"publish","type":"post","link":"http:\/\/integrale-szene.de\/wordpress\/aramaische-jeshua\/","title":{"rendered":"Aram\u00e4ische Jeshua"},"content":{"rendered":"<p><strong>Abwun d`bwaschmaja<\/strong><br \/>\nOh du , der\/die du aus dem Atem des Lebens kommst,<br \/>\nwelcher alle Bereiche, alles Schwingungsebenen mit Licht und Liebe mit Segen erf\u00fcllst<br \/>\nDas Absolute, einzig Seiende, die reine Einheit, der sch\u00f6pferische Atem, der vom Absoluten ausgeht, das Eindringen der Vibration in den Leib ( abwun)<\/p>\n<p><strong>Nethkadasch schmach<\/strong><br \/>\nM\u00f6ge dein Klang und dein Licht in meinem Allerheiligsten erfahren werden , an jenem Ort in mir wo ich daheim angekommen bin von Frieden erf\u00fcllt und nicht verletzt werden kann<\/p>\n<p><strong>Tete malkuthach<\/strong><br \/>\nLass das ICH KANN des Kosmos durch uns hindurch wirken &#8211; die Sch\u00f6pferinnenkraft<br \/>\nDie das kleine Ich \u00fcberwindet und einm\u00fcnden l\u00e4sst in das Reich Gottes<\/p>\n<p><strong>Nehwe tzevjanach aikana d\u00b4` bwaschmaja af b\u00e0rha<\/strong><br \/>\nIm Dichtesten und im Feinsten, es ist \u00fcberall das gleiche Licht und Leben.<br \/>\nLass deinen Willen Wirklichkeit sein &#8211; im Universum, in allem was vibriert,<br \/>\nwie auf der Erde, dem was manifestiert und dicht ist<\/p>\n<p><strong>Hawvlan lachma d`sunkanan jaomana<\/strong><br \/>\nGib uns das heilige Brot der Liebe, Mitgef\u00fchl, Weisheit und Einsicht, Bammherzigkeit und Mut f\u00fcr unseren t\u00e4glichen Bedarf im Miteinander des Gewebes der Verbundenheit -sophia<\/p>\n<p><strong>Waschboklan chauben\/ wachtahen<br \/>\nAikana daf chnan schwoken l chaijaben<\/strong><br \/>\nL\u00f6se die Str\u00e4nge und Fehler, die uns binden sowie wir die Schuld anderer loslassen. Lass uns die gleiche Freiheit von unserem Fehlern und Eindr\u00fccken erfahren, die wir anderen zugestehen und Geduld mit uns selbst praktizieren<\/p>\n<p><strong>Wela tachlan l `nesjuna<\/strong><br \/>\nLass uns nicht durch oberfl\u00e4chliche Dinge get\u00e4uscht werden und<br \/>\nuns in Gesch\u00e4ftigkeit verlieren. Wir erinnern unseren Ursprung im Segen<\/p>\n<p><strong>Ela patzan min bischa<\/strong><br \/>\nBefreie uns von dem was uns von unseren wahren Aufgaben abh\u00e4lt<\/p>\n<p><strong>Metol dilachie malktutha wahaila wateschbuchta l \u00e0hlam alrim<\/strong><br \/>\nAus dir kommt der allwirksame Wille, die lebendige Kraft zu handeln<br \/>\ndas Lied das alles versch\u00f6nert, sich von Zeitalter zu Zeitalter erneuert<br \/>\ndie kreative Energie Gottes Glanz Leuchten und Sch\u00f6nheit<\/p>\n<p><strong>Amen<\/strong><br \/>\nBesiegelt im Vertrauen, Glauben und der Wahrheit<br \/>\nIch best\u00e4tige dies mit meinem ganzen Sein<\/p>\n","protected":false},"excerpt":{"rendered":"<p>Abwun d`bwaschmaja Oh du , der\/die du aus dem Atem des Lebens kommst, welcher alle Bereiche, alles Schwingungsebenen mit Licht und Liebe mit Segen erf\u00fcllst Das Absolute, einzig Seiende, die reine Einheit, der sch\u00f6pferische Atem, der vom Absoluten ausgeht, das Eindringen der Vibration in den Leib ( abwun) Nethkadasch schmach M\u00f6ge dein Klang und dein [&hellip;]<\/p>\n","protected":false},"author":2,"featured_media":0,"comment_status":"closed","ping_status":"closed","sticky":false,"template":"","format":"standard","meta":[],"categories":[5],"tags":[17],"_links":{"self":[{"href":"http:\/\/integrale-szene.de\/wordpress\/wp-json\/wp\/v2\/posts\/26"}],"collection":[{"href":"http:\/\/integrale-szene.de\/wordpress\/wp-json\/wp\/v2\/posts"}],"about":[{"href":"http:\/\/integrale-szene.de\/wordpress\/wp-json\/wp\/v2\/types\/post"}],"author":[{"embeddable":true,"href":"http:\/\/integrale-szene.de\/wordpress\/wp-json\/wp\/v2\/users\/2"}],"replies":[{"embeddable":true,"href":"http:\/\/integrale-szene.de\/wordpress\/wp-json\/wp\/v2\/comments?post=26"}],"version-history":[{"count":4,"href":"http:\/\/integrale-szene.de\/wordpress\/wp-json\/wp\/v2\/posts\/26\/revisions"}],"predecessor-version":[{"id":139,"href":"http:\/\/integrale-szene.de\/wordpress\/wp-json\/wp\/v2\/posts\/26\/revisions\/139"}],"wp:attachment":[{"href":"http:\/\/integrale-szene.de\/wordpress\/wp-json\/wp\/v2\/media?parent=26"}],"wp:term":[{"taxonomy":"category","embeddable":true,"href":"http:\/\/integrale-szene.de\/wordpress\/wp-json\/wp\/v2\/categories?post=26"},{"taxonomy":"post_tag","embeddable":true,"href":"http:\/\/integrale-szene.de\/wordpress\/wp-json\/wp\/v2\/tags?post=26"}],"curies":[{"name":"wp","href":"https:\/\/api.w.org\/{rel}","templated":true}]}}