{"id":27,"date":"2008-01-19T12:43:59","date_gmt":"2008-01-19T11:43:59","guid":{"rendered":"http:\/\/achtsamen.de\/?p=27"},"modified":"2008-01-19T12:43:59","modified_gmt":"2008-01-19T11:43:59","slug":"isam-%e2%80%93-13-integraler-salon-munchen","status":"publish","type":"post","link":"http:\/\/integrale-szene.de\/wordpress\/isam-%e2%80%93-13-integraler-salon-munchen\/","title":{"rendered":"13. Integraler Salon M\u00fcnchen &#8211; Kreativit\u00e4t"},"content":{"rendered":"<p><font face=\"Verdana\" color=\"#000000\" size=\"3\"><strong>Focus: Kreativit\u00e4t<\/strong><\/font><img decoding=\"async\" id=\"image12\" alt=\"Achtsamen-Flur\" hspace=\"4\" src=\"http:\/\/achtsamen.de\/__oneclick_uploads\/2007\/04\/flur.bmp\" align=\"left\" \/><br \/>\nFocus ist f\u00fcr dieses Mal die Kreativit\u00e4t<br \/>\n<strong>Vormerken: Jeden 3. Sonntag im Monat \u2013 10 bis 17 Uhr; Haimhauserstr. 7 in 85716 Unterschleissheim \/ Lohhof S\u00fcd<\/strong><br \/>\nUnser Focus diesmal ist <strong>Kreativit\u00e4t<\/strong><em> &#8222;Kreativit\u00e4t ist die gr\u00f6\u00dfte Rebellion im Leben. Wer kreativ sein will, muss sich von allen Konditionierungen frei machen. Man kann nur als Individuum wirklich sch\u00f6pferisch sein.&#8220;<\/em> osho<\/p>\n<p>Ins Integrale \u00fcbersetzt k\u00f6nnte das hei\u00dfen: Perspektiven (Konditionierungen) wechseln, Ebenen transzendieren (frei werden). Und in Ber\u00fchrung mit dem jeweils n\u00e4chst h\u00f6heren \/ h\u00f6chsten Selbst \/G\u00f6ttlichen zu sein und zu handeln \/ sch\u00f6pfen.<\/p>\n<p><em>\u201eIntegrale Kunst m\u00f6chte soviel Saiten wie m\u00f6glich in Schwingung bringen und m\u00f6glichst viel Resonanz erzeugen\u201c<\/em><br \/>\nKen Wilber<\/p>\n<p>Ein paar Fragen, denen wir uns zuwenden k\u00f6nnen:<\/p>\n<ul>\n<li>Der evolution\u00e4re Impuls ein creativer Akt inszeniert durch ein Selbstbewusstsein?<\/li>\n<li>Was wird ber\u00fchrt durch Kunst? <\/li>\n<li>Welche Kunstform f\u00fcr welchen K\u00f6rper mit welcher Wirkung? Was hei\u00dft das f\u00fcr Malerei, Plastik, Musik, Tanz und  Poesie<\/li>\n<li>Geht es um Energiemuster  und mit welchen Sinnen lassen sie sich erfassen, Resonanz mit der Tiefenstruktur oder?<\/li>\n<li>Was r\u00fchrt uns an, bringt etwas ins klingen, scheint auf in uns und wo ist dieses Innen das dadurch ins Bewusstsein tritt?<\/li>\n<\/ul>\n<p>Wir schauen uns <strong>das Excerpt G Wilber<\/strong> unter den Aspekten subtile Energien, das Unsichtbare und den k\u00fcnstlerischer Ausdruck an.<br \/>\nIst Kulturschaffen ein kollektives Netzwerken \u2013 Nexus bilden \u2013 ein schaffen einer neuen meme? Selbstorganisation und Emergenz \u2013 Komplexe Formen st\u00fcrzen ins Chaos  und erlangen neue Stabilit\u00e4t durch Integration und Kommunion mit dem noch Unerkannten.<\/p>\n<p><strong>Soziale Plastik &#8211;  Beuys<\/strong> in Resonanz zum Christusbewusstsein in die Lage versetzt werden kollektiv aus der offenen Mitte zu gestalten \u2013 Intelligenz in Resonanz zu dem offenen Raum inmitten von uns<\/p>\n<p>Die<strong> Aufgabe des Wir Raumes <\/strong>\u2013  Interpretation und Kommunikation in der Rezeption, Reflexion von Kunst mit der Absicht Sinn zu erschlie\u00dfen als  bildende Kunst; bezogen auf die memes \u2013 welche Ebene  dr\u00fcckt sich wie aus? Welche Kunstform spricht mich an?<\/p>\n<p><strong>Jean Gebsers Ursprung und Gegenwart<\/strong> \u2013 eine wunderbare Schilderung von Entwicklungsstufen in der Kunst \u2013 archaisch, magisch, mythisch , mental , integral<\/p>\n<p><strong>Joseph Beuys \u2013 soziale Plastik<\/strong><br \/>\n&#8211; Ist Kunst f\u00fcr sich eine transformative Praxis? Kunst als Verr\u00fcckung oder Entr\u00fcckung?<br \/>\n&#8211; Ist Kunst Psychotherapie \u2013 \u201e erbrochene\u201c Kunstwerke, ein sich ent\u00e4u\u00dfern , sich entleeren ?<br \/>\n&#8211; Ist Kunst eine Zumutung  oder Herausforderung zu Reflexion und Horizonterweiterung?<\/p>\n<p>Weitere Fragen:<br \/>\n> Was ist Intuition und worauf stimmt sie uns ein? Wodurch verdichtet sich eine Inspiration zu einer Idee und wird sichtbar und wirksam?<br \/>\n> Visualisation als Schulungsweg f\u00fcr subtiles Gewahrsein<br \/>\n> Sind Spiritualit\u00e4t und Kreativit\u00e4t eins?<br \/>\n> Ist Kunst eine Entwicklungslinie?<br \/>\n> Was hei\u00dft \u00c4sthetik? Was ist Sch\u00f6nheit f\u00fcr mich?<br \/>\n> Was hei\u00dft sch\u00f6pferisch t\u00e4tig sein?<br \/>\n> Hingabe an den Prozess \u2013 sich umst\u00fclpen lassen von wo wohin<br \/>\n> Mit alle den Schattenkr\u00e4ften wie Perfektionismus und Selbstzweifel tanzen lernen<br \/>\n> Und all dem lichtvollen  Erleben von Totalit\u00e4t und damit verbundenen flow<br \/>\n> Dem Ph\u00e4nomen der Transzendenz ein \u00fcber sich selbst hinauswachsen Raum geben<\/p>\n<p><strong>Welche Phasen geh\u00f6ren zum sch\u00f6pferischen Prozess?<\/strong><br \/>\n&#8222;1 Prozent Inspiration und 99 Prozent  Transpiration&#8220; \ud83d\ude42<\/p>\n<p>So das als warming up und ihr seid eingeladen mit eigenen Fragen aufzutauchen. Wir werden ein paar Experimente machen und auch \u00dcbungen \u2013 falls jemand eine spontane Idee kommt mir gerne anrufen oder mailen<\/p>\n<p>Ich freu mich auf Euch 2008 und bin gespannt, was wir diesmal creieren miteinander<\/p>\n<p><strong>Organisatorisches:<\/strong> \u2013 wie gehabt einen Beitrag f\u00fcrs B\u00fcffet nach Wahl und eine Spende f\u00fcr Raum und Moderation ( Richtwert 30 \u20ac)<\/p>\n<p>Falls Geld gerade nicht zur Verf\u00fcgung steht, etwas was ihr mir anbieten k\u00f6nnt  um zu einem Energieausgleich auf andere Weise zu kommen z.B. Massage, Computerdienste, Holz, Espressomaschine, Herd, coaching, \u2026\u2026 ich bin offen daf\u00fcr das das Universum mich durch euch f\u00f6rdern kann. Ich bin guter Hoffnung dass zum n\u00e4chsten Zyklus ein attraktiver newsletter entsteht dank Steffi \u2013 die mir Tatkr\u00e4ftig zur Seite stand  damit ich nun endlich wieder einen funktionierenden Verteiler habe<\/p>\n<p><strong>susanya<\/strong><\/p>\n<p>PS: Jeden 3. Sonntag im Monat bitte vormerken f\u00fcr die Isams<\/p>\n","protected":false},"excerpt":{"rendered":"<p>Focus: Kreativit\u00e4t Focus ist f\u00fcr dieses Mal die Kreativit\u00e4t Vormerken: Jeden 3. Sonntag im Monat \u2013 10 bis 17 Uhr; Haimhauserstr. 7 in 85716 Unterschleissheim \/ Lohhof S\u00fcd Unser Focus diesmal ist Kreativit\u00e4t &#8222;Kreativit\u00e4t ist die gr\u00f6\u00dfte Rebellion im Leben. Wer kreativ sein will, muss sich von allen Konditionierungen frei machen. Man kann nur als [&hellip;]<\/p>\n","protected":false},"author":2,"featured_media":0,"comment_status":"open","ping_status":"open","sticky":false,"template":"","format":"standard","meta":[],"categories":[4],"tags":[],"_links":{"self":[{"href":"http:\/\/integrale-szene.de\/wordpress\/wp-json\/wp\/v2\/posts\/27"}],"collection":[{"href":"http:\/\/integrale-szene.de\/wordpress\/wp-json\/wp\/v2\/posts"}],"about":[{"href":"http:\/\/integrale-szene.de\/wordpress\/wp-json\/wp\/v2\/types\/post"}],"author":[{"embeddable":true,"href":"http:\/\/integrale-szene.de\/wordpress\/wp-json\/wp\/v2\/users\/2"}],"replies":[{"embeddable":true,"href":"http:\/\/integrale-szene.de\/wordpress\/wp-json\/wp\/v2\/comments?post=27"}],"version-history":[{"count":0,"href":"http:\/\/integrale-szene.de\/wordpress\/wp-json\/wp\/v2\/posts\/27\/revisions"}],"wp:attachment":[{"href":"http:\/\/integrale-szene.de\/wordpress\/wp-json\/wp\/v2\/media?parent=27"}],"wp:term":[{"taxonomy":"category","embeddable":true,"href":"http:\/\/integrale-szene.de\/wordpress\/wp-json\/wp\/v2\/categories?post=27"},{"taxonomy":"post_tag","embeddable":true,"href":"http:\/\/integrale-szene.de\/wordpress\/wp-json\/wp\/v2\/tags?post=27"}],"curies":[{"name":"wp","href":"https:\/\/api.w.org\/{rel}","templated":true}]}}