{"id":28,"date":"2008-02-16T13:00:47","date_gmt":"2008-02-16T12:00:47","guid":{"rendered":"http:\/\/achtsamen.de\/?p=28"},"modified":"2008-02-16T13:00:47","modified_gmt":"2008-02-16T12:00:47","slug":"14-integraler-salon-munchen-motivation-%e2%80%93-intention","status":"publish","type":"post","link":"http:\/\/integrale-szene.de\/wordpress\/14-integraler-salon-munchen-motivation-%e2%80%93-intention\/","title":{"rendered":"14. Integraler Salon M\u00fcnchen &#8211; Motivation \u2013 Intention"},"content":{"rendered":"<p><img src='http:\/\/achtsamen.de\/__oneclick_uploads\/2008\/02\/achtsamen-salon-bild2.jpg' alt='Achtsamen Salon Impressionen' align='right' hspace='4' \/><\/p>\n<p><strong>Sonntag 17.Februar 2008 10 &#8211; 17 Uhr<\/strong><\/p>\n<p>Ich gr\u00fc\u00dfe Euch herzlich und freue mich wenn wir gemeinsam den neuen Zyklus der Isams er\u00f6ffnen<\/p>\n<p>F\u00fcr diesmal steht <strong>Motivation \u2013 Intention <\/strong>im Mittelpunkt des Dialogs und es gilt herauszufinden inwieweit die Integrale Matrix Orientierung bietet und als Instrument anwendbar ist der eigenen Inszenierung auf die  Spur zu kommen.<\/p>\n<p><em>Wir nutzen daf\u00fcr eine von Rainer dankeswerter Weise ausgedruckte Schautafel ( bitte ein paar Euros mitbringen das der Farbdrucker sich wieder auff\u00fcllt )<\/em><\/p>\n<p><strong>Befl\u00fcgelndes<\/strong><br \/>\nDem kreativen, sch\u00f6pferischen, evolution\u00e4ren Impuls folgend l\u00e4sst Menschen neugierig und offen sein. Den Mut aufbringen alles Errungene bereitwillig in Frage zu stellen, sogar zu opfern und sich den neuen  uneingel\u00f6sten Potentialen  anzuvertrauen ist eine Herausforderung immer tiefer mit der eigenen Wahrheit sichtbar zu werden.<\/p>\n<p><strong>Bannendes<\/strong><br \/>\nWas zieht mich in seinen Bann, treibt mich in den Wahnsinn, ist mir v\u00f6llig wurscht \u2013 solche Schattenbereiche sind meist Hinweise auf das Unbewusste und bed\u00fcrfen der Anteilnahme um nicht als  Unwucht das immer anf\u00e4lliger werdende Selbstsystem \u2013 da immer komplexer \u2013 zu irritieren, sabotieren oder gar kollabieren zu lassen.<\/p>\n<p><strong>Zu Ber\u00fccksichtigen<\/strong><br \/>\nWesentlich ist auch herauszufiltern unter dem Wir Aspekt \u2013 wo folgen wir fremden Auftr\u00e4gen \u2013 systemisch eingebunden &#8211; und verpassen dadurch unsere ureigenste Aufgabe. Balance finden im Wunsch nach Zugeh\u00f6rigkeit und geteilten Werten und dem Mut sich ins unbekannte Gel\u00e4nde neu zu bildender Gemeinschaften zu wagen und gestaltbildend am <strong>Nexus <\/strong>\u2013 dem Netzwerk der Kommunion \u2013 mitzuwirken. Jede\/r von uns ist auch ein potentieller Erl\u00f6ser\/IN \u2013 kein M\u00e4rtyrer\/In sondern ausgestattet mit einem Wir-Sinn, den es zu entwickeln gilt, um Dinge beim Namen zu nennen, neue Verhaltensformen hervorzubringen, stellvertretend f\u00fcr die tosende Stille f\u00fcr eine Pause  einzutreten. \u00dcben den Blick auf das Unbekannte zwischen uns zu lenken, der Emergenz das verletzliche Herz atmend anzubieten damit es Neues durch unsere Pr\u00e4senz geb\u00e4ren, schaffen, gestalten kann. Wir brauchen einander um unsere inneren Qualit\u00e4ten zu erkennen und im Kreis der Verbundenheit freiwillig zur Verf\u00fcgung zu stellen.<\/p>\n<p><strong>Berufung <\/strong><br \/>\nStichwort &#8222;Innere Stimme \u2013 Intuition&#8220; die stille Schwester \/ Bruder der Intention, die leise spricht. Den Blick bekommen \u00fcber Ph\u00e4nomene wie Synchronizit\u00e4t und Synergie \u2013 sp\u00fcren und vertrauen lernen. Wer ist jenes Wesentliche in uns das zutiefst wahrhaftig ist, das leuchtet, wenn wir in \u00dcbereinstimmung damit handeln \u2013 unsere G\u00f6ttlichkeit aufscheinen, strahlen l\u00e4sst \u2013 uns und unserem Umfeld das Gef\u00fchl vermittelt authentisch zu sein? Was gibt es f\u00fcr M\u00f6glichkeiten mehr in Kontakt damit zu kommen? Ist es eine gereifte personale Instanz oder eine transpersonale Botschafterin?<\/p>\n<p><strong>Zuk\u00fcnftiges<\/strong><br \/>\nWie gestalten wir Zukunft?  &#8211; Wie wirken Affirmationen, Symbole, Visionen? Was hilft uns am Ball zu bleiben, den roten Faden nicht zu verlieren, getroffene Entscheidungen umzusetzen, Absichten in erreichbare Ziele zu verwandeln? Was ist Gl\u00fcck? Was ist Erfolg? Was vermittelt mir das Gef\u00fchl etwas erreicht, erlangt, verwirklicht zu haben, welche Art von Befriedigung ist durch Tun und Handeln zu erreichen? Welche Art Haltung erlaubt, das das Universum mitspielt und Fehler Quellen werden und Scheitern zu einem Haufen neuer aufregender Z\u00fcndh\u00f6lzer f\u00fcr neue unbekannte Leuchtfeuer? Was k\u00f6nnen Tr\u00e4ume bedeuten, Ahnungen, wie f\u00fchlt sich Gewissheit an?<\/p>\n<p><strong>Motivation <\/strong><br \/>\nMotivation f\u00fcr das Dasein sieht bekanntlich auf jedem Drehpunkt anders aus \u2013 f\u00fcr den K\u00f6rper selbst, die Persona, das Rollen Selbst, den Zentauer, die Seele und den Zeugen erscheint die Welt, die Wirklichkeit jeweils in anderem Licht (Ebenen &#8211; memes) betont andere Werte, verfolgt andere Absichten, befriedet andere Bed\u00fcrfnisse, entspricht vielf\u00e4ltigem Begehren. Jede Stufe der Entwicklung erfordert eine gewisse Kompetenz im Umgang mit Krisen, der Unsicherheit, eine Bereitschaft zu transformieren. Liebgewonnenes, Gewohntes aufzugeben und dem Eros bereitwillig zu folgen \u2013 letztlich in die offene Weite einer verinnerlichten F\u00fchrung die per se keinen Unterschied mehr herbeif\u00fchrt zwischen sich selbst und in der Welt sein.<\/p>\n<p>Altruismus, eine Haltung die das Wohl des Mitmenschen in den Focus stellt  \u2013 die moralische Entwicklungslinie ist ein Ma\u00dfstab der  f\u00fcr die immer weiter und tiefer werdende Anteilnahme an dem in der Welt-Sein sorgt. Aufgehoben im Verk\u00f6rpert sein, Verbunden mit der fluiden Gestaltbildung im Seelischen Gewahrsein und dem Bewusstsein im Zeugen als offener Lichtung des Geschehens und Vergehens reift die Individualit\u00e4t zur Handlungskraft heran.<\/p>\n<p>Oft entstehen Spannungen zwischen den  einzelnen Entwicklungslinien, die Gef\u00fchle wie Stagnation und Resignation erzeugen oder zu einer Hyperaktivit\u00e4t und Suchtverhalten f\u00fchren.  Schwer auszuhalten und die Neigung durch gewohnte Muster sich immer tiefer in Bestehendes zu vergraben ist scheinbare  Aktivit\u00e4t und  doch ein Leerlauf, da der Sinn sich ins Unbekannte wagt und nur in der Pr\u00e4senz gehalten werden kann.  Den Sprung zu wagen, loszulassen und in der Phase des Chaos, des Kontrollverlustes offen zu bleiben f\u00fcr die L\u00fccken zwischen den vermeintlichen Sicherheiten.<\/p>\n<p>Soweit ein geistiges &#8222;warm up&#8220;  &#8211; In Gedanken nimmt das Verlangen des Geistes Gestalt an \u2013 aus Echo der Seele von John o` Donohue<\/p>\n","protected":false},"excerpt":{"rendered":"<p>Sonntag 17.Februar 2008 10 &#8211; 17 Uhr Ich gr\u00fc\u00dfe Euch herzlich und freue mich wenn wir gemeinsam den neuen Zyklus der Isams er\u00f6ffnen F\u00fcr diesmal steht Motivation \u2013 Intention im Mittelpunkt des Dialogs und es gilt herauszufinden inwieweit die Integrale Matrix Orientierung bietet und als Instrument anwendbar ist der eigenen Inszenierung auf die Spur zu [&hellip;]<\/p>\n","protected":false},"author":2,"featured_media":0,"comment_status":"open","ping_status":"open","sticky":false,"template":"","format":"standard","meta":[],"categories":[4],"tags":[],"_links":{"self":[{"href":"http:\/\/integrale-szene.de\/wordpress\/wp-json\/wp\/v2\/posts\/28"}],"collection":[{"href":"http:\/\/integrale-szene.de\/wordpress\/wp-json\/wp\/v2\/posts"}],"about":[{"href":"http:\/\/integrale-szene.de\/wordpress\/wp-json\/wp\/v2\/types\/post"}],"author":[{"embeddable":true,"href":"http:\/\/integrale-szene.de\/wordpress\/wp-json\/wp\/v2\/users\/2"}],"replies":[{"embeddable":true,"href":"http:\/\/integrale-szene.de\/wordpress\/wp-json\/wp\/v2\/comments?post=28"}],"version-history":[{"count":0,"href":"http:\/\/integrale-szene.de\/wordpress\/wp-json\/wp\/v2\/posts\/28\/revisions"}],"wp:attachment":[{"href":"http:\/\/integrale-szene.de\/wordpress\/wp-json\/wp\/v2\/media?parent=28"}],"wp:term":[{"taxonomy":"category","embeddable":true,"href":"http:\/\/integrale-szene.de\/wordpress\/wp-json\/wp\/v2\/categories?post=28"},{"taxonomy":"post_tag","embeddable":true,"href":"http:\/\/integrale-szene.de\/wordpress\/wp-json\/wp\/v2\/tags?post=28"}],"curies":[{"name":"wp","href":"https:\/\/api.w.org\/{rel}","templated":true}]}}