{"id":32,"date":"2008-03-12T12:02:31","date_gmt":"2008-03-12T11:02:31","guid":{"rendered":"http:\/\/achtsamen.de\/?p=32"},"modified":"2014-01-22T11:00:40","modified_gmt":"2014-01-22T10:00:40","slug":"15-integraler-salon-munchen-gemeinschaftsbildung-wir-nexus-holons","status":"publish","type":"post","link":"http:\/\/integrale-szene.de\/wordpress\/15-integraler-salon-munchen-gemeinschaftsbildung-wir-nexus-holons\/","title":{"rendered":"15. Integraler Salon &#8211; Gemeinschaftsbildung \u2013 Wir \u2013 Nexus \u2013 Holons"},"content":{"rendered":"<p><strong>Sonntag 16.M\u00e4rz 2008 10 &#8211; 17 Uhr<\/strong><\/p>\n<p>Gemeinschaftsbildung \u2013 Wir \u2013 Nexus \u2013 Holons  &#8211; memes sind Themen \u00fcber die wir uns austauschen<\/p>\n<p>Zun\u00e4chst entlang der Maslowschen Bed\u00fcrfnispyramide und den Austauschbeziehungen wie Wilber es f\u00fcr sich adaptiert hat, geht es um die jeweiligen Bindungsmuster, die aus einer Ansammlung Menschen durch Phasen der Gruppendynamik eine Gemeinschaft konstellieren.<\/p>\n<p>\u00dcber das Wesen von Zugeh\u00f6rigkeit tauschen wir uns aus und ich freue mich euch einen Autor vorzustellen der mit seiner Sprache das Subtile des Wirs zum Schwingen bringt.<\/p>\n<p>Wir schauen unser &#8222;Wir&#8220; an unter den Aspekten der Rollen und der darin verborgenen Memes \u2013 Weltsichten. Als Arbeitsblatt eine Kurzform der &#8222;spiral dynamics&#8220;. Und den Charakteristika der Stufen. ( Knapp umrissen in integrale Psychologie)<\/p>\n<p><img src='http:\/\/achtsamen.de\/__oneclick_uploads\/2008\/03\/salon_animation_s1.gif' alt='Gemeinschaftsbildung'  align='left' hspace='2'\/> Kens Lieblingsmethode die Orientierungsverallgemeinerung genie\u00dfen wir gemeinsam, wenn wir den Begriff der Holons aufschl\u00fcsseln. Ausf\u00fchrlich in Eros &#8211; Kosmos &#8211; Logos \u2013 wer sich berufen f\u00fchlt sich vorzubereiten, kann gerne moderieren.<\/p>\n<p>Eine besondere gemeinsame \u00dcbung wird sein Konfliktherde unter dem Aspekt Schattenarbeit im Kollektiv anzuschauen. Ich beziehe mich da auf Arbeiten von Arnold Mindell (&#8222;Mitten im Feuer&#8220;). Besonders die Ph\u00e4nomene Rang und Privileg verdienen einiger Aufmerksamkeit als Z\u00fcndstoff f\u00fcr wachsende Vertrautheit.<\/p>\n<p>Je nachdem werden wir uns dem U-Prozess von Scharmer zuwenden und unser zuk\u00fcnftiges Wir selbst intendieren.<\/p>\n<p>Erz\u00e4hle Euch dann noch von meinem Ausflug zu dem Freiburger Wilber Salon \/ bzw.  der Regiogruppe und Ideen die sich in diesem Zusammenhang auftun.<\/p>\n<p><strong>Hinweis!<\/strong><br \/>\nVerbunden mit einer Extra Einladung \u2013 Mike Kauschke ein langj\u00e4hriger Andrew Cohen Sch\u00fcler und Mitarbeiter in der deutschsprachigen Redaktion von &#8222;what is entlightenment?&#8220; gibt am Freitag (14.M\u00e4rz 2008) eine Einf\u00fchrung in die aktuelle Arbeit dieser Formation und steht f\u00fcr Fragen zur Verf\u00fcgung.<\/p>\n<p>Ich werde da sein und im Sinne der Vernetzung begr\u00fc\u00dfe ich jeden von Euch der Zeit findet dabei zu sein. Mike wird am Sonntag am Salon auch dabei sein und eventuell besteht die M\u00f6glichkeit eine Kommunikationsform anzusprechen, die sich in dieser Formation entwickelt hat, um dem Ph\u00e4nomen der kollektiven Intelligenz und dem evolution\u00e4ren Impuls gerecht zu werden.<\/p>\n<p>Mit guten W\u00fcnschen und ich bin dankbar \u00fcber R\u00fcckmeldung und Weiterempfehlung<br \/>\n<strong>susanya im M\u00e4rz 2008<\/strong><\/p>\n","protected":false},"excerpt":{"rendered":"<p>Sonntag 16.M\u00e4rz 2008 10 &#8211; 17 Uhr Gemeinschaftsbildung \u2013 Wir \u2013 Nexus \u2013 Holons &#8211; memes sind Themen \u00fcber die wir uns austauschen Zun\u00e4chst entlang der Maslowschen Bed\u00fcrfnispyramide und den Austauschbeziehungen wie Wilber es f\u00fcr sich adaptiert hat, geht es um die jeweiligen Bindungsmuster, die aus einer Ansammlung Menschen durch Phasen der Gruppendynamik eine Gemeinschaft [&hellip;]<\/p>\n","protected":false},"author":2,"featured_media":0,"comment_status":"open","ping_status":"open","sticky":false,"template":"","format":"standard","meta":[],"categories":[4],"tags":[],"_links":{"self":[{"href":"http:\/\/integrale-szene.de\/wordpress\/wp-json\/wp\/v2\/posts\/32"}],"collection":[{"href":"http:\/\/integrale-szene.de\/wordpress\/wp-json\/wp\/v2\/posts"}],"about":[{"href":"http:\/\/integrale-szene.de\/wordpress\/wp-json\/wp\/v2\/types\/post"}],"author":[{"embeddable":true,"href":"http:\/\/integrale-szene.de\/wordpress\/wp-json\/wp\/v2\/users\/2"}],"replies":[{"embeddable":true,"href":"http:\/\/integrale-szene.de\/wordpress\/wp-json\/wp\/v2\/comments?post=32"}],"version-history":[{"count":1,"href":"http:\/\/integrale-szene.de\/wordpress\/wp-json\/wp\/v2\/posts\/32\/revisions"}],"predecessor-version":[{"id":476,"href":"http:\/\/integrale-szene.de\/wordpress\/wp-json\/wp\/v2\/posts\/32\/revisions\/476"}],"wp:attachment":[{"href":"http:\/\/integrale-szene.de\/wordpress\/wp-json\/wp\/v2\/media?parent=32"}],"wp:term":[{"taxonomy":"category","embeddable":true,"href":"http:\/\/integrale-szene.de\/wordpress\/wp-json\/wp\/v2\/categories?post=32"},{"taxonomy":"post_tag","embeddable":true,"href":"http:\/\/integrale-szene.de\/wordpress\/wp-json\/wp\/v2\/tags?post=32"}],"curies":[{"name":"wp","href":"https:\/\/api.w.org\/{rel}","templated":true}]}}