{"id":35,"date":"2008-04-08T11:15:09","date_gmt":"2008-04-08T10:15:09","guid":{"rendered":"http:\/\/achtsamen.de\/?p=35"},"modified":"2014-01-22T11:00:40","modified_gmt":"2014-01-22T10:00:40","slug":"16-integraler-salon-verkorpertsein-embodiment-inkarniert-sein","status":"publish","type":"post","link":"http:\/\/integrale-szene.de\/wordpress\/16-integraler-salon-verkorpertsein-embodiment-inkarniert-sein\/","title":{"rendered":"16. Integraler Salon \u2013 Verk\u00f6rpertsein \u2013 embodiment \u2013 inkarniert sein"},"content":{"rendered":"<p><img src='http:\/\/achtsamen.de\/__oneclick_uploads\/2008\/04\/fluegel_blau_klein.jpg' alt='Verk\u00f6rpertSein' align='left' hspace='2'\/>Wie <strong> Aurobindo und die Mutter<\/strong> schreiben: &#8222;<em>Das h\u00f6chste Agni  in der Materie und den Zellen des K\u00f6rpers zu entdecken,  ist die Hebelkraft der Transformation des K\u00f6rpers und der physischen Ver\u00e4nderung der Welt<\/em>&#8220; ( Sri Aurobindo \u2013 Satprem S. 257)<\/p>\n<p>\u201e<em>Die supramentale Macht ist W\u00e4rme dieser Art (durch Konzentration entbundene subtile W\u00e4rme), aber um unendliches intensiver und in den Zellen des K\u00f6rpers. Diese W\u00e4rme wird durch das Erwachen der Bewusstseinskraft in der Materie entbunden<\/em>\u201c<\/p>\n<p>Hier kommen angew\u00e4rmtes Denken von Beuys, siehe auch (<a href=\"http:\/\/achtsamen.de\/?p=27\">13.Salon Kreativit\u00e4t<\/a>) und  3rd Thier (<a href=\"http:\/\/achtsamen.de\/?p=20\">Salon Kollektives WIR<\/a>) zusammen.<\/p>\n<p>Wir \u00fcben von innen nach au\u00dfen zu denken, indem wir Materie als die \u00e4u\u00dfere Form der Energie betrachten und nicht als ihre Grundlage (Wilber 5). Und untersuchen das im 4 Quadrantenmodell detaillierter.<\/p>\n<p>Von dort aus ein Exkurs zu subtilen Energien \u2013 (Excerpt G) f\u00fcr die die sich Vorbereiten wollen.<\/p>\n<p>Kurzer Blick auf das Ilp startertkid und den empfohlenen Methoden und Ans\u00e4tzen zur Entwicklung der einzelnen H\u00fcllen \u2013 body,  emotional, mental und spirituell.<\/p>\n<p>Eventuell mit einem Exkurs zu fr\u00fchen Drehpunktst\u00f6rungen  ( D 1 bis D 3 ) ihre Folgen, besonders unter dem Aspekt Traumatisierung. Wie Euch bewusst ist, wirkt Gewalt zerst\u00f6rerisch und verzerrend auf Gestaltungskr\u00e4fte, warum das so ungeheuer tragisch ist gesehen auf die Entwicklung unserer h\u00f6heren Potentiale als Mensch wird uns besch\u00e4ftigen<\/p>\n<p>Am Nachmittag tragen wir zusammen was uns aktuell bewegt in unserem &#8222;als Mensch sein mit weiblichen und m\u00e4nnlichen Tendenzen&#8220;, equipment \/ Ausstattung und Potentialen. Wir erarbeiten gemeinsam ein Beziehungshologramm \u2013 bin sehr gespannt auf Eure Beitr\u00e4ge und sicher das Ihr mehr wisst als ihr euch erlaubt \u2013 bisher.<\/p>\n<p>I<br \/>\nDas Thema wird uns im \u00fcbern\u00e4chsten Salon vertieft besch\u00e4ftigen unter seelischen Gesichtspunkten (Mythen) und im 7. Salon der Reihe unter spirituellen Facetten (Tantra).<\/p>\n<p>Wie immer \u2013 Beitr\u00e4ge f\u00fcrs B\u00fcffet sehr erw\u00fcnscht und f\u00fchlt euch frei diese Einladung weiterzuleiten. So ihr spezielle Beitr\u00e4ge habt, lasst es mich wissen \u2013 besonders super w\u00e4re wenn sich jemand mit Yoga, Qi Gong, Atemarbeit einbringen will.<\/p>\n","protected":false},"excerpt":{"rendered":"<p>Wie Aurobindo und die Mutter schreiben: &#8222;Das h\u00f6chste Agni in der Materie und den Zellen des K\u00f6rpers zu entdecken, ist die Hebelkraft der Transformation des K\u00f6rpers und der physischen Ver\u00e4nderung der Welt&#8220; ( Sri Aurobindo \u2013 Satprem S. 257) \u201eDie supramentale Macht ist W\u00e4rme dieser Art (durch Konzentration entbundene subtile W\u00e4rme), aber um unendliches intensiver [&hellip;]<\/p>\n","protected":false},"author":2,"featured_media":0,"comment_status":"open","ping_status":"open","sticky":false,"template":"","format":"standard","meta":[],"categories":[4],"tags":[],"_links":{"self":[{"href":"http:\/\/integrale-szene.de\/wordpress\/wp-json\/wp\/v2\/posts\/35"}],"collection":[{"href":"http:\/\/integrale-szene.de\/wordpress\/wp-json\/wp\/v2\/posts"}],"about":[{"href":"http:\/\/integrale-szene.de\/wordpress\/wp-json\/wp\/v2\/types\/post"}],"author":[{"embeddable":true,"href":"http:\/\/integrale-szene.de\/wordpress\/wp-json\/wp\/v2\/users\/2"}],"replies":[{"embeddable":true,"href":"http:\/\/integrale-szene.de\/wordpress\/wp-json\/wp\/v2\/comments?post=35"}],"version-history":[{"count":1,"href":"http:\/\/integrale-szene.de\/wordpress\/wp-json\/wp\/v2\/posts\/35\/revisions"}],"predecessor-version":[{"id":475,"href":"http:\/\/integrale-szene.de\/wordpress\/wp-json\/wp\/v2\/posts\/35\/revisions\/475"}],"wp:attachment":[{"href":"http:\/\/integrale-szene.de\/wordpress\/wp-json\/wp\/v2\/media?parent=35"}],"wp:term":[{"taxonomy":"category","embeddable":true,"href":"http:\/\/integrale-szene.de\/wordpress\/wp-json\/wp\/v2\/categories?post=35"},{"taxonomy":"post_tag","embeddable":true,"href":"http:\/\/integrale-szene.de\/wordpress\/wp-json\/wp\/v2\/tags?post=35"}],"curies":[{"name":"wp","href":"https:\/\/api.w.org\/{rel}","templated":true}]}}