{"id":37,"date":"2008-05-16T10:09:20","date_gmt":"2008-05-16T09:09:20","guid":{"rendered":"http:\/\/achtsamen.de\/?p=37"},"modified":"2014-01-22T11:00:40","modified_gmt":"2014-01-22T10:00:40","slug":"17-isam-kognitive-entwicklungslinien-kommunikative-kompetenzen","status":"publish","type":"post","link":"http:\/\/integrale-szene.de\/wordpress\/17-isam-kognitive-entwicklungslinien-kommunikative-kompetenzen\/","title":{"rendered":"17. Integraler Salon \u2013 kognitive Entwicklungslinien &#038; kommunikative Kompetenzen"},"content":{"rendered":"<p><img src='http:\/\/achtsamen.de\/__oneclick_uploads\/2008\/05\/rad-baum.jpg' alt='kognitive Entwicklungslinien &#038; kommunikative Kompetenzen' align='left' hspace='2'\/>Einladung f\u00fcr Sonntag, den 18.Juni zum ISAM<\/p>\n<p>Unser Thema ist die <strong>kognitive Entwicklungslinie <\/strong>und die <strong>kommunikative Kompetenz <\/strong>sowohl nach Innen als Zeugengewahrsein als auch im intersubjektiven Zwischenraum.<\/p>\n<p>Zur Vorbereitung gut beschrieben in Integrale Psychologie und Atmanprojekt \u2013 short cut in den Tabellen im Anhang unter Piaget.<\/p>\n<p>Focus wird sein, den Filtern gewahr zu werden, die uns die Welt auf eine bestimmte Weise wahrnehmen lassen.<br \/>\nNach meinen Erfahrungen mit Otto Scharmer auf dem Kongress f\u00fcr kollektive Intelligenz vergangenes Wochenende in W\u00fcrzburg werden wir die Qualit\u00e4ten des H\u00f6rens wiederholt thematisieren und damit experimentieren.<\/p>\n<p>Unterscheiden lernen was Interpretationen, Schlussfolgerungen, Meinungen sind, sind essentielle Tools im Umgang mit Sprache. Gut pr\u00e4sentiert im Werk von Fred Kofmann \u2013 Metamanagement. Ausz\u00fcge aus der gewaltfreien Kommunikationen um Beobachtung und Bewertung zu differenzieren und vorzudringen zum Bed\u00fcrfnis werden uns ebenfalls in Anspruch nehmen.<\/p>\n<p>&#8222;<em>Sprache &#8211; was ist das eigentlich in den 4 Quadranten<\/em>&#8220; hat Dennis Wittrock in einer Arbeit zusammengefasst die ich euch nicht vorenthalten will. So wie immer viele wunderbare M\u00f6glichkeiten zusammen zu sinnen, zu emergieren und einfach eine gute und intensive Zeit miteinander zu haben<\/p>\n<p>Ich freu mich auf Euch und <strong>bitte den 22.Juni als n\u00e4chsten Salontermin vorzumerken. <\/strong> Ich bin die ersten beiden Juni Wochen auf dem Dakini Retreat in \u00d6stereich und anschlie\u00dfend auf dem Gremiumstreffen in Frankfurt.<br \/>\nKommt gerne spontan und wenn das Wetter gut ist, werden wir sicher im Garten lagern und uns von der Weite des Himmels inspirieren lassen<\/p>\n<p>Freue mich auch auf eure kulinarischen Beitr\u00e4ge \ud83d\ude42 und bin froh wenn Ihr euch kurz r\u00fcckmeldet um von euch zu h\u00f6ren, zu lesen<br \/>\nSusanya<\/p>\n","protected":false},"excerpt":{"rendered":"<p>Einladung f\u00fcr Sonntag, den 18.Juni zum ISAM Unser Thema ist die kognitive Entwicklungslinie und die kommunikative Kompetenz sowohl nach Innen als Zeugengewahrsein als auch im intersubjektiven Zwischenraum. Zur Vorbereitung gut beschrieben in Integrale Psychologie und Atmanprojekt \u2013 short cut in den Tabellen im Anhang unter Piaget. Focus wird sein, den Filtern gewahr zu werden, die [&hellip;]<\/p>\n","protected":false},"author":2,"featured_media":0,"comment_status":"open","ping_status":"open","sticky":false,"template":"","format":"standard","meta":[],"categories":[4],"tags":[],"_links":{"self":[{"href":"http:\/\/integrale-szene.de\/wordpress\/wp-json\/wp\/v2\/posts\/37"}],"collection":[{"href":"http:\/\/integrale-szene.de\/wordpress\/wp-json\/wp\/v2\/posts"}],"about":[{"href":"http:\/\/integrale-szene.de\/wordpress\/wp-json\/wp\/v2\/types\/post"}],"author":[{"embeddable":true,"href":"http:\/\/integrale-szene.de\/wordpress\/wp-json\/wp\/v2\/users\/2"}],"replies":[{"embeddable":true,"href":"http:\/\/integrale-szene.de\/wordpress\/wp-json\/wp\/v2\/comments?post=37"}],"version-history":[{"count":1,"href":"http:\/\/integrale-szene.de\/wordpress\/wp-json\/wp\/v2\/posts\/37\/revisions"}],"predecessor-version":[{"id":474,"href":"http:\/\/integrale-szene.de\/wordpress\/wp-json\/wp\/v2\/posts\/37\/revisions\/474"}],"wp:attachment":[{"href":"http:\/\/integrale-szene.de\/wordpress\/wp-json\/wp\/v2\/media?parent=37"}],"wp:term":[{"taxonomy":"category","embeddable":true,"href":"http:\/\/integrale-szene.de\/wordpress\/wp-json\/wp\/v2\/categories?post=37"},{"taxonomy":"post_tag","embeddable":true,"href":"http:\/\/integrale-szene.de\/wordpress\/wp-json\/wp\/v2\/tags?post=37"}],"curies":[{"name":"wp","href":"https:\/\/api.w.org\/{rel}","templated":true}]}}