{"id":410,"date":"2010-07-14T08:46:08","date_gmt":"2010-07-14T07:46:08","guid":{"rendered":"http:\/\/integrale-szene.de\/wordpress\/?p=410"},"modified":"2010-07-14T08:58:25","modified_gmt":"2010-07-14T07:58:25","slug":"integrale-szene-integraler-salon-zweite-jahreshalfte","status":"publish","type":"post","link":"http:\/\/integrale-szene.de\/wordpress\/integrale-szene-integraler-salon-zweite-jahreshalfte\/","title":{"rendered":"Integrale Szene &#038; Integraler Salon  zweite Jahresh\u00e4lfte"},"content":{"rendered":"<p><a href=\"http:\/\/integrale-szene.de\/wordpress\/wp-content\/uploads\/2010\/07\/364599_fresh.jpg\"><img decoding=\"async\" loading=\"lazy\" class=\"alignleft size-full wp-image-414\" title=\"364599_fresh\" src=\"http:\/\/integrale-szene.de\/wordpress\/wp-content\/uploads\/2010\/07\/364599_fresh.jpg\" alt=\"\" width=\"100\" height=\"72\" \/><\/a>Es war ein reiches halbes Jahr. Der Zyklus im Integralen Salon\u00a0 zum Wir\u00a0 hat viele neue Einsichten beschert und es gilt nachzutragen, zu b\u00fcndeln, zu verdichten. Das Denken wird fl\u00fcssiger, die Spielweisen leicht &#8211; sinniger und die Zug\u00e4nge zur Wirklichkeit vielschichtiger.<strong> Den August eine lange Atempause einlegen<\/strong>, den Sommer genie\u00dfen und am Buch schreiben zu den Achtsamen. Dankbar f\u00fcr die vielen Impulse die meine Mitmenschen gegeben haben , ihre Liebe zum miteinander sein und radikale Experimentierfreude. Mein i pad tut gute Dienste am See und als Wegbegleiter und erlaubt der Muse mich \u00fcberall hin zu begleiten. Danke Danke Danke<\/p>\n<p>Wir treffen uns zum<strong> integralen Salon am 25 sten Juli<\/strong> und legen den neuen Zyklus fest mit Verantwortlichkeiten. Grundthema wird sein\u00a0 philosophisches &#8211; Freund\/in der Sophia , das denken in der ganzen Vielschichtigkeit und Mystik, als ein vision\u00e4res\u00a0 sinnliches Portal zu dem Hintegrund , zur Stille, zur flutenden Welt der Bilder, Visionen, Einsichten und dem Lieben. Paare im Gespr\u00e4ch mit dem Zeitgeist und was sie geh\u00f6rt, erlauscht, verstanden, versprachlicht haben.<\/p>\n<p>Wir beginnen am 19 September &#8211; fahren fort am 24 sten Oktober &#8211; im November bin ich in Indien auf Tara Pilgerinnenreise &#8211; im Dezember am 19 sten Dezember &#8211; der wunderbare Weise mein Geburtstag ist und der Taranacht folgt. F\u00fcr alle die die l\u00e4ngerfristig planen wollen.<\/p>\n<p>Die <strong>Integrale Szene trifft sich am Donnerstag den 15 ten <\/strong>um ebenfalls ihr weiteres Vorgehen zu besprechen. Weiter gehts im\u00a0 September, mit mir am 16 ten September &#8211; vorher bin ich in der Schweiz unterwegs.<\/p>\n<p>Vorschlag ist anhand des in Deutsch erscheinenden Buches \u00fcber Integrale Lebenspraxis grundlegendes anzugehen. Um vor allem Neueinsteigern\/innen mehr\u00a0 Einblick zu gew\u00e4hren.<\/p>\n","protected":false},"excerpt":{"rendered":"<p>Es war ein reiches halbes Jahr. Der Zyklus im Integralen Salon\u00a0 zum Wir\u00a0 hat viele neue Einsichten beschert und es gilt nachzutragen, zu b\u00fcndeln, zu verdichten. Das Denken wird fl\u00fcssiger, die Spielweisen leicht &#8211; sinniger und die Zug\u00e4nge zur Wirklichkeit vielschichtiger. Den August eine lange Atempause einlegen, den Sommer genie\u00dfen und am Buch schreiben zu [&hellip;]<\/p>\n","protected":false},"author":2,"featured_media":0,"comment_status":"open","ping_status":"open","sticky":false,"template":"","format":"standard","meta":[],"categories":[28],"tags":[],"_links":{"self":[{"href":"http:\/\/integrale-szene.de\/wordpress\/wp-json\/wp\/v2\/posts\/410"}],"collection":[{"href":"http:\/\/integrale-szene.de\/wordpress\/wp-json\/wp\/v2\/posts"}],"about":[{"href":"http:\/\/integrale-szene.de\/wordpress\/wp-json\/wp\/v2\/types\/post"}],"author":[{"embeddable":true,"href":"http:\/\/integrale-szene.de\/wordpress\/wp-json\/wp\/v2\/users\/2"}],"replies":[{"embeddable":true,"href":"http:\/\/integrale-szene.de\/wordpress\/wp-json\/wp\/v2\/comments?post=410"}],"version-history":[{"count":5,"href":"http:\/\/integrale-szene.de\/wordpress\/wp-json\/wp\/v2\/posts\/410\/revisions"}],"predecessor-version":[{"id":417,"href":"http:\/\/integrale-szene.de\/wordpress\/wp-json\/wp\/v2\/posts\/410\/revisions\/417"}],"wp:attachment":[{"href":"http:\/\/integrale-szene.de\/wordpress\/wp-json\/wp\/v2\/media?parent=410"}],"wp:term":[{"taxonomy":"category","embeddable":true,"href":"http:\/\/integrale-szene.de\/wordpress\/wp-json\/wp\/v2\/categories?post=410"},{"taxonomy":"post_tag","embeddable":true,"href":"http:\/\/integrale-szene.de\/wordpress\/wp-json\/wp\/v2\/tags?post=410"}],"curies":[{"name":"wp","href":"https:\/\/api.w.org\/{rel}","templated":true}]}}