{"id":420,"date":"2010-09-18T13:24:15","date_gmt":"2010-09-18T12:24:15","guid":{"rendered":"http:\/\/integrale-szene.de\/wordpress\/?p=420"},"modified":"2021-04-27T14:36:19","modified_gmt":"2021-04-27T13:36:19","slug":"mystik-der-neue-zyklus-im-wir","status":"publish","type":"post","link":"http:\/\/integrale-szene.de\/wordpress\/mystik-der-neue-zyklus-im-wir\/","title":{"rendered":"Mystik &#8211; der neue Zyklus im Wir"},"content":{"rendered":"<p>Kurzer R\u00fcckblick \u00fcber die vergangenen zweimal. Auftakt machten Rainer und Harald mit der Frage was ist Mystik? Eine gandiose LachTsunami hat uns alle au\u00dferhalb von Zeit und Raum versetzt , unbeschreiblich, kosmisch und\u00a0 g\u00f6ttlich verr\u00fcckt, Weisheit von ihrer leichtesten und tiefsten Seite.<\/p>\n<p>Johanna f\u00fchrte uns in der zweiten Runde\u00a0 am\u00a0 24 Oktober durch die Religionen und ihr Anliegen und Ausdruck bez\u00fcglich\u00a0 Mystik. Wunderbar durchschwungen durch musikalische Beitr\u00e4ge von Elisabeth. Ein Ringen um die Grundtendenzen\u00a0 einerseits der Philosophie, der Struktur, dem Er\u00f6rtern , den Perspektiven und andererseits dem Prozess, den flie\u00dfenden \u00dcberg\u00e4ngen, den Ph\u00e4nomenen, den Interpreationsspielr\u00e4umen\u00a0 und dem individuellen, im Dialog sich verdichtenden Wir, zwei Pole zwischen denen die Mystik sich ausbreitet.<\/p>\n<p>Der n\u00e4chste Salon ist am <strong>21 November 2010 <\/strong>\u2013 gestaltet von Johanna und Karsten zum Thema die Rolle des K\u00f6rpers, der 4 K\u00f6rper in der Mystik. Themen wie Askese, Martyrium und die Grenzg\u00e4nge was Schmerz angeht. Auf der anderen Seite Tantra und die Alchemie von m\u00e4nnlich weiblich auf dem Weg zur Ganzheit, die Verbindung zwischen Sexualit\u00e4t und Spiritualit\u00e4t.<\/p>\n<p>Das Ph\u00e4nomen der \u00dcbertragung, Spiegelneuronen und subtile Ph\u00e4nomene als teilbare Wirklichkeit. Satsangs und mehr<\/p>\n<p>Am<strong> 12 Dezember 2010 <\/strong>haben sich Steffi und Rainer zur Verf\u00fcgung gestellt . Einmal mehr geht es um die Rolle des Schattens im Ringen um die tiefste Wahrheit. Von D\u00e4monen , Geistern und unvollendetem auf dem Weg den eigenen daimon ins Leben zu bringen. Das Ich , der Zeuge und das unique self als Schl\u00fcsselelemente. Eine\u00a0 spannende Frage wie sich die 3 dunklen N\u00e4chte dazu in Beziehung setzen lassen.\u00a0 Welche Rolle spielt die Poesie, die Koans und das unsagbare in der Mystik.<\/p>\n<p>Am<strong> 16 Januar 2011 <\/strong>sind die Gastgeber Rainer, Gerd und Mignon.\u00a0 Die Rolle der Sangha, der praktizierenden , in einem Geiste verbundenen Mitmenschen.\u00a0 Inwieweit ist Mystik ein gemeinsamer Weg, ein Wir im second thier eine Basis f\u00fcr eine zeitgem\u00e4\u00dfe Mystik. Eine Art Rundblick in der integral informierten Szene. Die Arbeit von Scott Peck und die Phasen zum authentischen wir\u00a0 &#8211; was hat die Phase des Chaos, des Nichtwissens, dem Sprechen aus der Mitte\u00a0 mit Mystik zu tun. Ist der heilige Geist, das sophienprinzip der Guru, die Gurvi eines neuen Wirs?<\/p>\n<p>Am <strong>20 Februar 2011 <\/strong>widmen sich Harald, Steffi und Lydia der Ethik einer zeitgem\u00e4\u00dfen Mystik. Das Bodhisattva ideal von Diane Hamilton. Gibt es Ideale des gemeinsamen Lebens heute die eine \u00fcbergeordnete\u00a0 Matrix schaffen k\u00f6nnen, einen interreligi\u00f6sen Dialog erm\u00f6glichen. Das gemeinsame in den Traditionen auf dem Hintergrund der Ebenen und kulturellen Kontexte.<\/p>\n<p>Der <strong>20 M\u00e4rz 2011 <\/strong>steht unter dem Stern der Spiritualit\u00e4t, der Wohnstatt der Mystik. Bereit erkl\u00e4rt haben sich\u00a0 Elisabeth, J\u00fcrgen und Lisa.\u00a0 Welche Rolle spielt die Mystik\u00a0 in der Religion?\u00a0 Was ist es f\u00fcr ein Entwicklungsweg? Was gibt es f\u00fcr Praktiken? Eine Psychologie au\u00dfergew\u00f6hnlicher Zust\u00e4nde\u00a0 in Ausz\u00fcgen aus Wilbers Werk.\u00a0 Das Totenbuch \u2013 Buchempfehlung von Wulf Mirko Weinreich.<\/p>\n<p>Der<strong> 17 April 2011<\/strong> Carsten Gerd und Lisa geben uns eine Eindruck was Kunst, das Sch\u00f6pferische, die Inspiration, Innovatives mit Mystik zu tun hat.\u00a0 Aus welcher Quelle sch\u00f6pfen wir wenn wir als Kreative? Welche Musik bringt uns in welchen Zustand, er\u00f6ffnet welchen inneren Raum? Kunstwerke als Ausdruck von Zustandserfahrungen, Beispiele? Schwingungen in Form und Farbe als individuelle Praxis. Der Tanz , das Gebet und das Ritual \u2013 als\u00a0 Kunstform die Performance \u2013 was bietet sie f\u00fcr Erlebnishorizonte.<\/p>\n","protected":false},"excerpt":{"rendered":"<p>Kurzer R\u00fcckblick \u00fcber die vergangenen zweimal. Auftakt machten Rainer und Harald mit der Frage was ist Mystik? Eine gandiose LachTsunami hat uns alle au\u00dferhalb von Zeit und Raum versetzt , unbeschreiblich, kosmisch und\u00a0 g\u00f6ttlich verr\u00fcckt, Weisheit von ihrer leichtesten und tiefsten Seite. Johanna f\u00fchrte uns in der zweiten Runde\u00a0 am\u00a0 24 Oktober durch die Religionen [&hellip;]<\/p>\n","protected":false},"author":2,"featured_media":172,"comment_status":"open","ping_status":"open","sticky":false,"template":"","format":"standard","meta":[],"categories":[45,4],"tags":[],"_links":{"self":[{"href":"http:\/\/integrale-szene.de\/wordpress\/wp-json\/wp\/v2\/posts\/420"}],"collection":[{"href":"http:\/\/integrale-szene.de\/wordpress\/wp-json\/wp\/v2\/posts"}],"about":[{"href":"http:\/\/integrale-szene.de\/wordpress\/wp-json\/wp\/v2\/types\/post"}],"author":[{"embeddable":true,"href":"http:\/\/integrale-szene.de\/wordpress\/wp-json\/wp\/v2\/users\/2"}],"replies":[{"embeddable":true,"href":"http:\/\/integrale-szene.de\/wordpress\/wp-json\/wp\/v2\/comments?post=420"}],"version-history":[{"count":7,"href":"http:\/\/integrale-szene.de\/wordpress\/wp-json\/wp\/v2\/posts\/420\/revisions"}],"predecessor-version":[{"id":499,"href":"http:\/\/integrale-szene.de\/wordpress\/wp-json\/wp\/v2\/posts\/420\/revisions\/499"}],"wp:featuredmedia":[{"embeddable":true,"href":"http:\/\/integrale-szene.de\/wordpress\/wp-json\/wp\/v2\/media\/172"}],"wp:attachment":[{"href":"http:\/\/integrale-szene.de\/wordpress\/wp-json\/wp\/v2\/media?parent=420"}],"wp:term":[{"taxonomy":"category","embeddable":true,"href":"http:\/\/integrale-szene.de\/wordpress\/wp-json\/wp\/v2\/categories?post=420"},{"taxonomy":"post_tag","embeddable":true,"href":"http:\/\/integrale-szene.de\/wordpress\/wp-json\/wp\/v2\/tags?post=420"}],"curies":[{"name":"wp","href":"https:\/\/api.w.org\/{rel}","templated":true}]}}