{"id":49,"date":"2008-06-20T14:57:23","date_gmt":"2008-06-20T13:57:23","guid":{"rendered":"http:\/\/achtsamen.de\/?p=49"},"modified":"2014-01-22T11:00:40","modified_gmt":"2014-01-22T10:00:40","slug":"18-integraler-salon-eros-und-agape-leidenschaft-und-mitgefuhl","status":"publish","type":"post","link":"http:\/\/integrale-szene.de\/wordpress\/18-integraler-salon-eros-und-agape-leidenschaft-und-mitgefuhl\/","title":{"rendered":"18. Integraler Salon \u2013 EROS  und AGAPE &#8211; Leidenschaft und Mitgef\u00fchl"},"content":{"rendered":"<p><strong>Einladung f\u00fcr Sonntag, den 22.Juni zum ISAM<\/strong><\/p>\n<blockquote><p>EROS  und AGAPE<br \/>\nLeidenschaft und Mitgef\u00fchl<br \/>\nAgenz und Komunion<br \/>\nIndividualit\u00e4t und Authentizit\u00e4t <\/p><\/blockquote>\n<p>Unter diesen Aspekten beleuchten wir das <strong>Selbstsystem <\/strong>\u2013 nachzulesen in Integrale Psychologie \u2013 und die Dynamik der Identifikation  als Wachstumsmodell und als Falle beim Verbleiben auf einer einmal errungenen Stufe. Erhellend dazu Differenzierung und Dissoziation aus Kens Sicht.<\/p>\n<p>Dazu bietet sich an eine <strong>Schattenarbeit <\/strong>zu machen  &#8211; dh was ihr in Euch schon immer einmal n\u00e4her kennen lernen wolltet das ist die Gelegenheit. Wenn Ihr euch mit dem Thema Kontakt besch\u00e4ftigt und hineinsp\u00fcrt was auftaucht seid ihr gut vorbereitet.<\/p>\n<p>In dem Kontext werden wir uns Wilbers Definitionen von <strong>Unterbewusstsein <\/strong>anschauen und schauen aus welcher Kiste was kommt, und wie es dahinein gekommen ist. Da gibt\u2019s zu erl\u00f6sendes und einzul\u00f6sendes.<\/p>\n<p>Mit dem Begriff der <strong>Seele <\/strong>oder dem psychischen Selbst ist ein gro\u00dfes Feld angesprochen , das wir beim letzten Salon schon \u00fcber die 3 Thier ebene kontaktiert haben. Das Wahrnehmen in Symbolen Bildern metaphorischer Sprache ist die Dom\u00e4ne dieser Art des in der Welt seins.<\/p>\n<p>Nachmittags wandern wir im <strong>Feld des Frau-Mann-Seins <\/strong>und probieren verschiedene Modelle hautnah.<\/p>\n<p>Je nach Kapazit\u00e4t einen Einblick in das yab yum Mandala und den darin enthaltenen Transformationen.<\/p>\n<p>Freu mich auf euch und bitte kurz um R\u00fcckmeldung<br \/>\nWenn das Wetter sch\u00f6n ist werden wir eine Zeit im Garten sein<\/p>\n<p><strong>Susanya<\/strong><\/p>\n","protected":false},"excerpt":{"rendered":"<p>Einladung f\u00fcr Sonntag, den 22.Juni zum ISAM EROS und AGAPE Leidenschaft und Mitgef\u00fchl Agenz und Komunion Individualit\u00e4t und Authentizit\u00e4t Unter diesen Aspekten beleuchten wir das Selbstsystem \u2013 nachzulesen in Integrale Psychologie \u2013 und die Dynamik der Identifikation als Wachstumsmodell und als Falle beim Verbleiben auf einer einmal errungenen Stufe. Erhellend dazu Differenzierung und Dissoziation aus [&hellip;]<\/p>\n","protected":false},"author":2,"featured_media":0,"comment_status":"open","ping_status":"open","sticky":false,"template":"","format":"standard","meta":[],"categories":[4],"tags":[],"_links":{"self":[{"href":"http:\/\/integrale-szene.de\/wordpress\/wp-json\/wp\/v2\/posts\/49"}],"collection":[{"href":"http:\/\/integrale-szene.de\/wordpress\/wp-json\/wp\/v2\/posts"}],"about":[{"href":"http:\/\/integrale-szene.de\/wordpress\/wp-json\/wp\/v2\/types\/post"}],"author":[{"embeddable":true,"href":"http:\/\/integrale-szene.de\/wordpress\/wp-json\/wp\/v2\/users\/2"}],"replies":[{"embeddable":true,"href":"http:\/\/integrale-szene.de\/wordpress\/wp-json\/wp\/v2\/comments?post=49"}],"version-history":[{"count":1,"href":"http:\/\/integrale-szene.de\/wordpress\/wp-json\/wp\/v2\/posts\/49\/revisions"}],"predecessor-version":[{"id":473,"href":"http:\/\/integrale-szene.de\/wordpress\/wp-json\/wp\/v2\/posts\/49\/revisions\/473"}],"wp:attachment":[{"href":"http:\/\/integrale-szene.de\/wordpress\/wp-json\/wp\/v2\/media?parent=49"}],"wp:term":[{"taxonomy":"category","embeddable":true,"href":"http:\/\/integrale-szene.de\/wordpress\/wp-json\/wp\/v2\/categories?post=49"},{"taxonomy":"post_tag","embeddable":true,"href":"http:\/\/integrale-szene.de\/wordpress\/wp-json\/wp\/v2\/tags?post=49"}],"curies":[{"name":"wp","href":"https:\/\/api.w.org\/{rel}","templated":true}]}}