{"id":50,"date":"2008-07-17T09:49:04","date_gmt":"2008-07-17T08:49:04","guid":{"rendered":"http:\/\/achtsamen.de\/?p=50"},"modified":"2014-01-22T11:00:40","modified_gmt":"2014-01-22T10:00:40","slug":"19-integraler-salon-das-dynamische-wir-der-nexus-die-art-des-verbundenseins","status":"publish","type":"post","link":"http:\/\/integrale-szene.de\/wordpress\/19-integraler-salon-das-dynamische-wir-der-nexus-die-art-des-verbundenseins\/","title":{"rendered":"19. Integraler Salon &#8211; das dynamische WIR \u2013 der nexus \u2013 die Art des Verbundenseins"},"content":{"rendered":"<p><strong>Sonntag, den 20.Juli um 10 Uhr<\/strong> &#8211; Wieder einmal der 3. Sonntag im Monat \u2013 Zeit zusammenzukommen. Dieses Mal geht es um <strong>das dynamische WIR \u2013 den nexus \u2013 die Art des Verbundenseins<\/strong><\/p>\n<p><a href=\"http:\/\/www.kunst-heilen.de\" title=\"mehr Bilder von stanko auf kunst-heilen.de\" target=\"_blank\"><img src='http:\/\/achtsamen.de\/__oneclick_uploads\/2008\/07\/nexus.jpg' alt='das dynamische WIR \u2013 den nexus \u2013 die Art des Verbundenseins' align='left' hspace='2'\/><\/a> Wann wird aus einer Gruppe eine Gemeinschaft \u2013 wie ergeben sich commitments \u2013 was hei\u00dft Selbstorganisation?<br \/>\nWie kreiert sich Balance aus dem Bed\u00fcrfnis nach Struktur und frei flie\u00dfendem Prozess?<br \/>\nWas sind atmosph\u00e4rische Verdichtungen durch die wir gehen \u2013 vergleichbar den Zust\u00e4nden &#8222;Wachen Tr\u00e4umen Tiefschlaf&#8220;?<br \/>\nWie und wodurch stellen sich Metagef\u00fchle wie Frieden und Tiefe ein?<\/p>\n<p>Gemeinschaftsbildung  \u2013 kollektive Intelligenz \/ Weisheit \u2013 sind Themenkomplexe die hochaktuell sind.<\/p>\n<p>Was hei\u00dft F\u00fchren aus der Mitte? Was hei\u00dft Schwarmbewusstsein?<\/p>\n<p>Was sind die Schwellen, die \u00dcberg\u00e4nge von einem Ich-Bewusstsein, einer gereiften Individualit\u00e4t in ein Wir Feld situativen spontanen Gewahrseins?<\/p>\n<p>Wie gelingt uns \u00dcbereinstimmung und was bedeutet Widerstand, wenn eine\/r ausschert, beharrt, gegensteuert? Welcher Umgang ergibt sich daraus?<\/p>\n<p>Wodurch bestimmen wir unsere Zugeh\u00f6rigkeit? Welche Sinne entwickeln wir f\u00fcr Innen und Au\u00dfen, Grenzen eines Wirs? Wann empfinden wir uns als Teil, quasi im Innenraum geborgen und wann erleben wir  ausgeschlossen, ausgegrenzt zu sein?<\/p>\n<p>Ich freue mich mit Euch unser Zusammensein zu erkunden und Euch von einem interessanten Projekt zu berichten bei dem ich letzte Woche zu Gast war.<\/p>\n<p>Bis dahin alles Liebe<br \/>\nSusanya<\/p>\n","protected":false},"excerpt":{"rendered":"<p>Sonntag, den 20.Juli um 10 Uhr &#8211; Wieder einmal der 3. Sonntag im Monat \u2013 Zeit zusammenzukommen. Dieses Mal geht es um das dynamische WIR \u2013 den nexus \u2013 die Art des Verbundenseins Wann wird aus einer Gruppe eine Gemeinschaft \u2013 wie ergeben sich commitments \u2013 was hei\u00dft Selbstorganisation? Wie kreiert sich Balance aus dem [&hellip;]<\/p>\n","protected":false},"author":2,"featured_media":0,"comment_status":"open","ping_status":"open","sticky":false,"template":"","format":"standard","meta":[],"categories":[4],"tags":[],"_links":{"self":[{"href":"http:\/\/integrale-szene.de\/wordpress\/wp-json\/wp\/v2\/posts\/50"}],"collection":[{"href":"http:\/\/integrale-szene.de\/wordpress\/wp-json\/wp\/v2\/posts"}],"about":[{"href":"http:\/\/integrale-szene.de\/wordpress\/wp-json\/wp\/v2\/types\/post"}],"author":[{"embeddable":true,"href":"http:\/\/integrale-szene.de\/wordpress\/wp-json\/wp\/v2\/users\/2"}],"replies":[{"embeddable":true,"href":"http:\/\/integrale-szene.de\/wordpress\/wp-json\/wp\/v2\/comments?post=50"}],"version-history":[{"count":1,"href":"http:\/\/integrale-szene.de\/wordpress\/wp-json\/wp\/v2\/posts\/50\/revisions"}],"predecessor-version":[{"id":472,"href":"http:\/\/integrale-szene.de\/wordpress\/wp-json\/wp\/v2\/posts\/50\/revisions\/472"}],"wp:attachment":[{"href":"http:\/\/integrale-szene.de\/wordpress\/wp-json\/wp\/v2\/media?parent=50"}],"wp:term":[{"taxonomy":"category","embeddable":true,"href":"http:\/\/integrale-szene.de\/wordpress\/wp-json\/wp\/v2\/categories?post=50"},{"taxonomy":"post_tag","embeddable":true,"href":"http:\/\/integrale-szene.de\/wordpress\/wp-json\/wp\/v2\/tags?post=50"}],"curies":[{"name":"wp","href":"https:\/\/api.w.org\/{rel}","templated":true}]}}