{"id":8,"date":"2006-12-13T09:49:16","date_gmt":"2006-12-13T08:49:16","guid":{"rendered":"http:\/\/achtsamen.de\/?p=8"},"modified":"2006-12-13T09:49:16","modified_gmt":"2006-12-13T08:49:16","slug":"3-integraler-salon-munchen-isam-sonntag-17dezember-2006","status":"publish","type":"post","link":"http:\/\/integrale-szene.de\/wordpress\/3-integraler-salon-munchen-isam-sonntag-17dezember-2006\/","title":{"rendered":"3. Integraler Salon M\u00fcnchen &#8211; isam &#8211; Sonntag, 17.Dezember 2006"},"content":{"rendered":"<p>Einladung zum dritten Integralen Salon &#8211; ISAM<br \/>\nSonntag 17.  Dezember von  10 bis 17 Uhr in der Haimhauserstr. 7 in Unterschleissheim<\/p>\n<p>Am 17. Dezember &#8211; kurz vor Wintersonnenwende am 21. Dezember ist es wieder soweit.  Diesmal widmet sich der Integrale Salon dem Wunder des Verk\u00f6rpert-Sein als  Frau und als Mann, als Mensch. Eros und Agape, das Hinaufsteigende,  dem umfassend geistigen zustrebend, das Hinabsteigen mit Mitgef\u00fchl, Barmherzigkeit, dem Irdischen sich anverwandelnd. Logos \u2013 die Vernunft, das Wissenschaffende, Sophia \u2013 die Weisheit im Erkennen  in Balance bringen im Allt\u00e4glichen ist eine Herausforderung der Postmoderne.<\/p>\n<p>Es ist immer wieder ein neues Spiel, ein zusammengesetzt sein von M\u00f6glichkeiten. Nehmt Euch Zeit die nachfolgenden zusammengew\u00fcrfelten Worte in eine f\u00fcr euch stimmige Ordnung zu bringen. Schaut ob sich daraus etwas \u201etypisches m\u00f6glicherweise idealisches\u201e ergibt. Was erscheint zun\u00e4chst mehr verbunden, beheimatet im Weiblichen beziehungsweise M\u00e4nnlichen Feld?<\/p>\n<p>Agenz, F\u00fcrsorge, Bewusstheit, Flie\u00dfen, Leere, Leuchten, Schauen, Tiefe, Bewegung, Flu\u00df, Freiheit, F\u00fclle, strahlende Sch\u00f6nheit, Intensit\u00e4t, Leistung, Mitgef\u00fchl, denkend, \u00f6ffnen, Gnade, Recht, linear zielstrebig, subjektivierend, Kommunion\/ Wir, im Kontakt, umkreisend, konzentriert, objektivierend, Ich.<\/p>\n<p>Lehnt Euch zur\u00fcck \u2013 wandert in eure Schuljahre zur\u00fcck, Religionsunterricht, Geschichte. Schaut euch um in der Pinakothek, in den Dramen des Theaters.<\/p>\n<p>Schreibt  5 G\u00f6ttinnen (oder mehr) und 5 G\u00f6tter (oder mehr) auf die euch spontan einfallen. Was f\u00fcr Aspekte des Menschseins und des Bezogenseins verk\u00f6rpern sie. Welcher Sph\u00e4re sind sie zugeordnet \u2013 der Natur, Kultur, dem Selbst , dem Wahren, Guten oder Sch\u00f6nen?  Und gebt ihnen eine Paarbeziehung.  Wahlweise auch Gef\u00e4hrten\/Innen aus dem eigenen Geschlecht. Wo leben sie, wof\u00fcr engagieren sie sich, was m\u00f6gen sie und was gar nicht?<\/p>\n<p>Welche 5 Frauen, welche 5 M\u00e4nner sind euch ein Vorbild, Inspiration  und welche 3 M\u00e4nner und Frauen der Geschichte verk\u00f6rpern f\u00fcr euch Abschreckendes, Furcherregendes? Traut euren ersten Impulsen und wenn Muse ist, recherchiert ein wenig via wikipedia oder eurer B\u00fccherwand. F\u00fcr welche Bewegung, welche moralischen Werte sind sie repr\u00e4sentativ?  In welchem gesellschaftlichen Kontext stehen sie, wie verk\u00f6rpern sie die Prinzipien F\u00fchrung und F\u00fcrsorge? Gibt es eine Frauenbewegung und was waren ihre Ziele? Gibt es eine M\u00e4nnerbewegung und worum geht es aktuell?<\/p>\n<p>Besonders ans Herz lege ich euch einen Blick in die Kabbalah und das Tarot zu werfen.  Grundkenntnisse zu den Chakras sind aussagestark. Wie erlebst du dein Ausgespanntsein zwischen instinktiver, leidenschaftlicher Tiefe und Wunsch das in Ber\u00fchrung und Bewegung Gestalt und Kraft werden zu lassen? In welchem Tanz befindet es sich mit der Stille, der Kontemplation, des Versunkenseins in das Gewahrsein des einen Geschmacks?<\/p>\n<p>F\u00fcr alle, die jetzt schon wissen wollen was Ken Wilber dazu sagt: Nachzulesen in<br \/>\n&#8211; Eros Kosmos Logos  Seite 72, Seite 309, 552, 465<br \/>\n&#8211; Das Wahre, Gute, Sch\u00f6ne &#8211; Kapitel 8<br \/>\n&#8211; Einfach das \u2013 Seite 136<br \/>\n&#8211; In Integraler Psychologie Tabellen 5 a bis 5 c<\/p>\n<p>Wie immer gehe ich davon aus das ihr bereits vollkommen seid, also voll im Kommen<br \/>\nHerzlichst Susanne<br \/>\nEine gute Zeit bis dahin<\/p>\n<p>Zu den Einsichten und  dem Prozess des ersten Salons bitte auf dem blog  [ http:\/\/achtsamen.de ] nachlesen Und bei Interesse sich als Co &#8211; autor\/In bet\u00e4tigen<\/p>\n","protected":false},"excerpt":{"rendered":"<p>Einladung zum dritten Integralen Salon &#8211; ISAM Sonntag 17. Dezember von 10 bis 17 Uhr in der Haimhauserstr. 7 in Unterschleissheim Am 17. Dezember &#8211; kurz vor Wintersonnenwende am 21. Dezember ist es wieder soweit. Diesmal widmet sich der Integrale Salon dem Wunder des Verk\u00f6rpert-Sein als Frau und als Mann, als Mensch. Eros und Agape, [&hellip;]<\/p>\n","protected":false},"author":2,"featured_media":0,"comment_status":"open","ping_status":"open","sticky":false,"template":"","format":"standard","meta":[],"categories":[4],"tags":[],"_links":{"self":[{"href":"http:\/\/integrale-szene.de\/wordpress\/wp-json\/wp\/v2\/posts\/8"}],"collection":[{"href":"http:\/\/integrale-szene.de\/wordpress\/wp-json\/wp\/v2\/posts"}],"about":[{"href":"http:\/\/integrale-szene.de\/wordpress\/wp-json\/wp\/v2\/types\/post"}],"author":[{"embeddable":true,"href":"http:\/\/integrale-szene.de\/wordpress\/wp-json\/wp\/v2\/users\/2"}],"replies":[{"embeddable":true,"href":"http:\/\/integrale-szene.de\/wordpress\/wp-json\/wp\/v2\/comments?post=8"}],"version-history":[{"count":0,"href":"http:\/\/integrale-szene.de\/wordpress\/wp-json\/wp\/v2\/posts\/8\/revisions"}],"wp:attachment":[{"href":"http:\/\/integrale-szene.de\/wordpress\/wp-json\/wp\/v2\/media?parent=8"}],"wp:term":[{"taxonomy":"category","embeddable":true,"href":"http:\/\/integrale-szene.de\/wordpress\/wp-json\/wp\/v2\/categories?post=8"},{"taxonomy":"post_tag","embeddable":true,"href":"http:\/\/integrale-szene.de\/wordpress\/wp-json\/wp\/v2\/tags?post=8"}],"curies":[{"name":"wp","href":"https:\/\/api.w.org\/{rel}","templated":true}]}}