{"id":9,"date":"2007-01-14T10:52:20","date_gmt":"2007-01-14T09:52:20","guid":{"rendered":"http:\/\/achtsamen.de\/?p=9"},"modified":"2007-01-14T10:52:20","modified_gmt":"2007-01-14T09:52:20","slug":"4-integraler-salon-munchen-isam-sonntag-21januar-2007","status":"publish","type":"post","link":"http:\/\/integrale-szene.de\/wordpress\/4-integraler-salon-munchen-isam-sonntag-21januar-2007\/","title":{"rendered":"4. Integraler Salon M\u00fcnchen &#8211; isam &#8211; Sonntag, 21.Januar 2007"},"content":{"rendered":"<p><em>&#8222;Humor bringt die Transzendenz zur\u00fcck&#8220; &#8211; Wilber<\/em><\/p>\n<p>Ich freue mich wenn Ihr auch dieses Jahr wieder dabei seid.<br \/>\nUnser letzter Salon hat f\u00fcr mich Fragen aufgeworfen, die ich<br \/>\ngerne zu Beginn mit Euch bewegen will.<\/p>\n<p>Das Thema Mann Frau &#8211; bleibt uns erhalten und wir werden<br \/>\nsehen wie es Gestalt annimmt in unserer Mitte.<\/p>\n<p>Im Feuer stehen k\u00f6nnen, ein Satz der das letzte Mal in mir auftauchte<br \/>\nhat mich zu einem Buch von Amy und Arnold Mindell gef\u00fchrt. &#8220; Mitten im Feuer&#8220;<br \/>\nGruppendynamik prozessorientiert verstehen und gestalten unter Ber\u00fccksichtigung<br \/>\nvon Rang und Privilegien, den dadurch ausgel\u00f6sten verst\u00e4ndlichen und<br \/>\nberechtigten Rachegef\u00fchlen und Mi\u00dfbrauchserlebnissen Raum gebend.<\/p>\n<p>F\u00fcr die Gemeinschaftsbildung experimentieren wir diesmal auf der Basis des<br \/>\nMedizinrades um die Gestaltung und Verantwortung miteinander zu teilen.<\/p>\n<p>Das Thema ist Sprache, Interpretation und Kontext,Sprachlosigkeit als Ph\u00e4nomen, die kognitive Entwicklungslinie und Identit\u00e4t versus Integrit\u00e4t. Es ist von meiner Seite einiges an Beitr\u00e4gen zu Gespr\u00e4chskultur, \u00dcbungen aus gewaltfreier Kommunikation m\u00f6glich. Ganz wenig Theorie vorgesehen, eine kurze Einf\u00fchrung zu den 4 bzw 8 Perspektiven und bei Bedarf Erl\u00e4uterung zum rechten und linken Weg.<\/p>\n<p>Wer kommen mag m\u00f6ge sich bei mir r\u00fcckmelden, (sofern nicht schon geschehen), das ich mich um Sitzgelegenheiten k\u00fcmmern kann &#8211; Bitte mit Angabe eures B\u00fcffetbeitrags.<br \/>\nWer nicht kommt g\u00e4be mir bitte auch Bescheid, da ich sonst in die Warteschlaufe gerate.<br \/>\nDanken m\u00f6chte ich auf diesem Weg f\u00fcr die R\u00fcckmeldungen und auch die Absagen.<br \/>\nIch lade hiermit ausdr\u00fccklich ein immer wieder &#8211; nicht nur regelm\u00e4\u00dfig &#8211; dabei zu sein.<br \/>\nEs gibt Nachfragen nach jedem einzelnen was ich auf die Intensit\u00e4t eurer Pr\u00e4senz zur\u00fcckf\u00fchre.<br \/>\nInsbesondere wenn Spannungen aufgetreten sind sch\u00e4tze ich es -und wie ich geh\u00f6rt habe auch andere &#8211;<br \/>\nwenn wir alle dabei bleiben und schauen wohin diese &#8220; Pfeile&#8220; fliegen wollen.<\/p>\n","protected":false},"excerpt":{"rendered":"<p>&#8222;Humor bringt die Transzendenz zur\u00fcck&#8220; &#8211; Wilber Ich freue mich wenn Ihr auch dieses Jahr wieder dabei seid. Unser letzter Salon hat f\u00fcr mich Fragen aufgeworfen, die ich gerne zu Beginn mit Euch bewegen will. Das Thema Mann Frau &#8211; bleibt uns erhalten und wir werden sehen wie es Gestalt annimmt in unserer Mitte. Im [&hellip;]<\/p>\n","protected":false},"author":2,"featured_media":0,"comment_status":"open","ping_status":"open","sticky":false,"template":"","format":"standard","meta":[],"categories":[4],"tags":[],"_links":{"self":[{"href":"http:\/\/integrale-szene.de\/wordpress\/wp-json\/wp\/v2\/posts\/9"}],"collection":[{"href":"http:\/\/integrale-szene.de\/wordpress\/wp-json\/wp\/v2\/posts"}],"about":[{"href":"http:\/\/integrale-szene.de\/wordpress\/wp-json\/wp\/v2\/types\/post"}],"author":[{"embeddable":true,"href":"http:\/\/integrale-szene.de\/wordpress\/wp-json\/wp\/v2\/users\/2"}],"replies":[{"embeddable":true,"href":"http:\/\/integrale-szene.de\/wordpress\/wp-json\/wp\/v2\/comments?post=9"}],"version-history":[{"count":1,"href":"http:\/\/integrale-szene.de\/wordpress\/wp-json\/wp\/v2\/posts\/9\/revisions"}],"predecessor-version":[{"id":148,"href":"http:\/\/integrale-szene.de\/wordpress\/wp-json\/wp\/v2\/posts\/9\/revisions\/148"}],"wp:attachment":[{"href":"http:\/\/integrale-szene.de\/wordpress\/wp-json\/wp\/v2\/media?parent=9"}],"wp:term":[{"taxonomy":"category","embeddable":true,"href":"http:\/\/integrale-szene.de\/wordpress\/wp-json\/wp\/v2\/categories?post=9"},{"taxonomy":"post_tag","embeddable":true,"href":"http:\/\/integrale-szene.de\/wordpress\/wp-json\/wp\/v2\/tags?post=9"}],"curies":[{"name":"wp","href":"https:\/\/api.w.org\/{rel}","templated":true}]}}